{"id":1657,"date":"2025-03-04T05:00:45","date_gmt":"2025-03-04T05:00:45","guid":{"rendered":"https:\/\/karyem.com.tr\/?p=1657"},"modified":"2025-03-04T05:19:47","modified_gmt":"2025-03-04T05:19:47","slug":"gelecegin-tarimi","status":"publish","type":"post","link":"https:\/\/karyem.com.tr\/index.php\/2025\/03\/04\/gelecegin-tarimi\/","title":{"rendered":"Gelece\u011fin Tar\u0131m\u0131"},"content":{"rendered":"<h3 data-start=\"0\" data-end=\"40\">Gelece\u011fin Tar\u0131m\u0131 Y\u00f6ntemi<\/h3>\n<p data-start=\"42\" data-end=\"51\"><strong data-start=\"42\" data-end=\"51\">Giri\u015f<\/strong><\/p>\n<p data-start=\"53\" data-end=\"637\">Gelece\u011fin Tar\u0131m\u0131\u00a0 D\u00fcnya n\u00fcfusunun h\u0131zla artt\u0131\u011f\u0131 g\u00fcn\u00fcm\u00fczde, g\u0131da \u00fcretimi ve kaynaklar\u0131n s\u00fcrd\u00fcr\u00fclebilirli\u011fi b\u00fcy\u00fck bir sorun haline gelmi\u015ftir. Tar\u0131m, iklim de\u011fi\u015fikliklerinden, su k\u0131tl\u0131\u011f\u0131na kadar pek \u00e7ok zorlukla kar\u015f\u0131 kar\u015f\u0131ya kal\u0131rken, tar\u0131ma olan talep de artmaktad\u0131r. Bu noktada, tar\u0131m alanlar\u0131nda verimlili\u011fi art\u0131rmay\u0131 ama\u00e7layan yenilik\u00e7i y\u00f6ntemlerden biri olan &#8220;dikey tar\u0131m&#8221; (vertical farming), gelece\u011fin tar\u0131m \u00e7\u00f6z\u00fcmlerinden biri olarak \u00f6n plana \u00e7\u0131kmaktad\u0131r. Dikey tar\u0131m, \u00f6zellikle \u015fehirlerde s\u0131n\u0131rl\u0131 alanlar ve kaynaklar alt\u0131nda g\u0131da \u00fcretimini s\u00fcrd\u00fcr\u00fclebilir k\u0131lmak i\u00e7in \u00f6nemli bir \u00e7\u00f6z\u00fcm sunmaktad\u0131r.<\/p>\n<p data-start=\"639\" data-end=\"661\"><strong data-start=\"639\" data-end=\"661\">Dikey Tar\u0131m Nedir?<\/strong><\/p>\n<p data-start=\"663\" data-end=\"1053\">Gelece\u011fin Tar\u0131m\u0131 Dikey tar\u0131m, geleneksel tar\u0131m y\u00f6ntemlerinden farkl\u0131 olarak, bitkilerin yatay alanda de\u011fil, dikey olarak katmanlar halinde yeti\u015ftirilmesidir. Bu y\u00f6ntem, genellikle kapal\u0131 alanlarda, kontroll\u00fc \u00e7evre ko\u015fullar\u0131nda uygulan\u0131r. Y\u00fcksek binalarda, eski end\u00fcstriyel alanlarda ya da seralarda ger\u00e7ekle\u015ftirilen dikey tar\u0131m, s\u0131n\u0131rl\u0131 alanlardan en y\u00fcksek verimi elde etmek i\u00e7in tasarlanm\u0131\u015f bir sistemdir.<\/p>\n<p data-start=\"1055\" data-end=\"1088\"><strong data-start=\"1055\" data-end=\"1088\">Dikey Tar\u0131m\u0131n Temel Unsurlar\u0131<\/strong><\/p>\n<ol data-start=\"1090\" data-end=\"2049\">\n<li data-start=\"1090\" data-end=\"1256\">\n<p data-start=\"1093\" data-end=\"1256\"><strong data-start=\"1093\" data-end=\"1115\">Katmanlar (Floors)<\/strong>: Dikey tar\u0131mda, bitkiler birbirinin \u00fcst\u00fcnde, farkl\u0131 katmanlarda yeti\u015ftirilir. Bu, yatay alandan \u00e7ok daha fazla verim elde edilmesini sa\u011flar.<\/p>\n<\/li>\n<li data-start=\"1258\" data-end=\"1517\">\n<p data-start=\"1261\" data-end=\"1517\"><strong data-start=\"1261\" data-end=\"1293\">Kontroll\u00fc \u00c7evre Tar\u0131m\u0131 (CEA)<\/strong>: Dikey tar\u0131m genellikle kapal\u0131 alanlarda yap\u0131l\u0131r ve burada s\u0131cakl\u0131k, nem, \u0131\u015f\u0131k, CO2 seviyeleri gibi \u00e7evresel fakt\u00f6rler tam olarak kontrol edilebilir. Bu, bitkilerin y\u0131l\u0131n her d\u00f6neminde verimli bir \u015fekilde b\u00fcy\u00fcmesini sa\u011flar.<\/p>\n<\/li>\n<li data-start=\"1519\" data-end=\"1782\">\n<p data-start=\"1522\" data-end=\"1782\"><strong data-start=\"1522\" data-end=\"1546\">Hidropanik Sistemler<\/strong>: Dikey tar\u0131mda geleneksel toprak yerine, bitkilerin su ve besin maddelerini ald\u0131\u011f\u0131 hidropanik sistemler kullan\u0131l\u0131r. Bu sistem, bitkilerin k\u00f6klerini beslemek i\u00e7in mineral \u00e7\u00f6zeltileri kullanarak topra\u011fa duyulan ihtiyac\u0131 ortadan kald\u0131r\u0131r.<\/p>\n<\/li>\n<li data-start=\"1784\" data-end=\"2049\">\n<p data-start=\"1787\" data-end=\"2049\"><strong data-start=\"1787\" data-end=\"1810\">Aeroponik Sistemler<\/strong>: Bir ba\u015fka ileri d\u00fczey dikey tar\u0131m y\u00f6ntemi ise aeroponiktir. Bu sistemde, bitkilerin k\u00f6kleri havada as\u0131l\u0131 kal\u0131r ve s\u00fcrekli olarak nemli bir ortamda beslenir. Bu y\u00f6ntem daha az su t\u00fcketimi sa\u011flar ve bitkilerin h\u0131zl\u0131 b\u00fcy\u00fcmesini te\u015fvik eder.<\/p>\n<\/li>\n<\/ol>\n<p data-start=\"2051\" data-end=\"2080\"><strong data-start=\"2051\" data-end=\"2080\">Dikey Tar\u0131m\u0131n Avantajlar\u0131<\/strong><\/p>\n<ol data-start=\"2082\" data-end=\"3395\">\n<li data-start=\"2082\" data-end=\"2333\">\n<p data-start=\"2085\" data-end=\"2333\"><strong data-start=\"2085\" data-end=\"2105\">Alan Verimlili\u011fi<\/strong>: Dikey tar\u0131m, s\u0131n\u0131rl\u0131 alanlarda y\u00fcksek verim elde edilmesini sa\u011flar. \u00d6zellikle \u015fehirlerde, yerle\u015fim alanlar\u0131 geni\u015fledik\u00e7e, tar\u0131m yap\u0131lacak alanlar azal\u0131rken dikey tar\u0131m, s\u0131n\u0131rl\u0131 alanlardan maksimum fayda sa\u011flamaya olanak tan\u0131r.<\/p>\n<\/li>\n<li data-start=\"2335\" data-end=\"2630\">\n<p data-start=\"2338\" data-end=\"2630\"><strong data-start=\"2338\" data-end=\"2359\">S\u00fcrd\u00fcr\u00fclebilirlik<\/strong>: Dikey tar\u0131m, geleneksel tar\u0131ma g\u00f6re \u00e7ok daha az su ve kimyasal kullan\u0131m\u0131 gerektirir. Hidroponik ve aeroponik sistemler, suyun geri d\u00f6n\u00fc\u015f\u00fcm\u00fcyle \u00e7al\u0131\u015f\u0131r, bu da su tasarrufu sa\u011flar. Ayr\u0131ca, toprak erozyonu ve kimyasal g\u00fcbrelerin \u00e7evreye zararl\u0131 etkileri de ortadan kalkar.<\/p>\n<\/li>\n<li data-start=\"2632\" data-end=\"2873\">\n<p data-start=\"2635\" data-end=\"2873\"><strong data-start=\"2635\" data-end=\"2662\">Daha Az Ula\u015f\u0131m Maliyeti<\/strong>:Dikey Tar\u0131m Gelece\u011fin Tar\u0131m\u0131, \u015fehirlerin i\u00e7inde veya yak\u0131n \u00e7evresinde yap\u0131labildi\u011fi i\u00e7in g\u0131da \u00fcr\u00fcnlerinin tarladan sofraya ula\u015fma s\u00fcresi k\u0131sal\u0131r. Bu da ta\u015f\u0131ma maliyetlerini azalt\u0131r ve g\u0131da taze olarak t\u00fcketicilere sunulabilir.<\/p>\n<\/li>\n<li data-start=\"2875\" data-end=\"3179\">\n<p data-start=\"2878\" data-end=\"3179\"><strong data-start=\"2878\" data-end=\"2913\">\u0130klim Ko\u015fullar\u0131ndan Ba\u011f\u0131ms\u0131zl\u0131k<\/strong>: Dikey tar\u0131m, kapal\u0131 alanlarda yap\u0131ld\u0131\u011f\u0131 i\u00e7in d\u0131\u015f hava ko\u015fullar\u0131ndan etkilenmez. Bu, \u00fcr\u00fcnlerin s\u00fcrekli olarak yeti\u015ftirilmesini sa\u011flar. \u00d6zellikle iklim de\u011fi\u015fikli\u011fi ve mevsimsel de\u011fi\u015fikliklerin etkilerinin yo\u011fun oldu\u011fu b\u00f6lgelerde dikey tar\u0131m b\u00fcy\u00fck bir avantaj sa\u011flar.<\/p>\n<\/li>\n<li data-start=\"3181\" data-end=\"3395\">\n<p data-start=\"3184\" data-end=\"3395\"><strong data-start=\"3184\" data-end=\"3221\">Y\u00fcksek Verimlilik ve H\u0131zl\u0131 \u00dcretim<\/strong>: Dikey tar\u0131m sistemlerinde, bitkiler daha h\u0131zl\u0131 b\u00fcy\u00fcr \u00e7\u00fcnk\u00fc t\u00fcm \u00e7evresel ko\u015fullar ideal \u015fekilde kontrol edilmektedir. Bu da y\u0131l i\u00e7inde birka\u00e7 hasat yap\u0131lmas\u0131n\u0131 m\u00fcmk\u00fcn k\u0131lar.<\/p>\n<\/li>\n<\/ol>\n<p data-start=\"3397\" data-end=\"3425\"><strong data-start=\"3397\" data-end=\"3425\">Dikey Tar\u0131m\u0131n Zorluklar\u0131<\/strong><\/p>\n<ol data-start=\"3427\" data-end=\"4391\">\n<li data-start=\"3427\" data-end=\"3648\">\n<p data-start=\"3430\" data-end=\"3648\"><strong data-start=\"3430\" data-end=\"3455\">Ba\u015flang\u0131\u00e7 Maliyetleri<\/strong>: Dikey tar\u0131m i\u00e7in kurulum, \u00f6zellikle teknolojik altyap\u0131 ve altyap\u0131 gereksinimleri nedeniyle y\u00fcksek maliyetlidir. Bu nedenle, k\u00fc\u00e7\u00fck \u00f6l\u00e7ekli \u00e7ift\u00e7iler i\u00e7in ba\u015flang\u0131\u00e7 yat\u0131r\u0131m\u0131 zorlay\u0131c\u0131 olabilir.<\/p>\n<\/li>\n<li data-start=\"3650\" data-end=\"3868\">\n<p data-start=\"3653\" data-end=\"3868\"><strong data-start=\"3653\" data-end=\"3672\">Enerji T\u00fcketimi<\/strong>: Dikey tar\u0131mda kullan\u0131lan LED \u0131\u015f\u0131klar ve \u00e7evresel kontrol sistemleri y\u00fcksek enerji t\u00fcketimine yol a\u00e7abilir. Bu durum, \u00f6zellikle enerjinin maliyetli oldu\u011fu b\u00f6lgelerde bir dezavantaj olu\u015fturabilir.<\/p>\n<\/li>\n<li data-start=\"3870\" data-end=\"4110\">\n<p data-start=\"3873\" data-end=\"4110\"><strong data-start=\"3873\" data-end=\"3898\">Teknoloji Ba\u011f\u0131ml\u0131l\u0131\u011f\u0131<\/strong>: Dikey tar\u0131m, ileri d\u00fczey teknolojilere dayal\u0131 bir sistemdir ve bu teknolojiye sahip olmak, i\u015fletmenin y\u00f6netilmesi i\u00e7in bilgi ve beceri gerektirir. Ayr\u0131ca, teknolojinin ar\u0131zalanmas\u0131 durumunda \u00fcretim aksayabilir.<\/p>\n<\/li>\n<li data-start=\"4112\" data-end=\"4391\">\n<p data-start=\"4115\" data-end=\"4391\"><strong data-start=\"4115\" data-end=\"4150\">Pazar Eri\u015fimi ve Fiyat Rekabeti<\/strong>: Dikey tar\u0131mda \u00fcretilen \u00fcr\u00fcnlerin pazar fiyatlar\u0131, geleneksel tar\u0131m \u00fcr\u00fcnlerine g\u00f6re genellikle daha y\u00fcksek olabilir. Ayr\u0131ca, t\u00fcketiciler dikey tar\u0131m \u00fcr\u00fcnlerinin fiyatlar\u0131n\u0131 kabul etmeyebilir, bu da pazarlama ve sat\u0131\u015f zorluklar\u0131 yaratabilir.<\/p>\n<\/li>\n<\/ol>\n<p data-start=\"4393\" data-end=\"4432\"><strong data-start=\"4393\" data-end=\"4432\">Gelece\u011fi: Dikey Tar\u0131m\u0131n Potansiyeli<\/strong><\/p>\n<p data-start=\"4434\" data-end=\"4756\">Dikey Tar\u0131m Gelece\u011fin Tar\u0131m\u0131, d\u00fcnya genelinde \u015fehirle\u015fmenin artmas\u0131 ve tar\u0131m alanlar\u0131n\u0131n azalmas\u0131yla birlikte gelecekte b\u00fcy\u00fck bir potansiyele sahiptir. \u00d6zellikle b\u00fcy\u00fck \u015fehirlerde, yerel g\u0131da \u00fcretiminin \u00f6nemi artarken, dikey tar\u0131m, hem g\u0131da g\u00fcvenli\u011fini sa\u011flamak hem de \u00e7evresel etkileri azaltmak i\u00e7in ideal bir \u00e7\u00f6z\u00fcm olarak \u00f6ne \u00e7\u0131kmaktad\u0131r.<\/p>\n<p data-start=\"4758\" data-end=\"5030\">\u00d6n\u00fcm\u00fczdeki y\u0131llarda, dikey tar\u0131m teknolojilerinin daha verimli, s\u00fcrd\u00fcr\u00fclebilir ve daha d\u00fc\u015f\u00fck maliyetli hale gelmesi beklenmektedir. Ayr\u0131ca, geli\u015fen biyoteknoloji ve robotik teknolojiler ile dikey tar\u0131m daha verimli hale gelecek ve daha fazla g\u0131da \u00fcretimi yap\u0131labilecektir.<\/p>\n<p data-start=\"5032\" data-end=\"5041\"><strong data-start=\"5032\" data-end=\"5041\">Sonu\u00e7<\/strong><\/p>\n<p data-start=\"5043\" data-end=\"5470\" data-is-last-node=\"\" data-is-only-node=\"\">Gelece\u011fin Tar\u0131m\u0131, \u015fehir i\u00e7i tar\u0131m\u0131, s\u00fcrd\u00fcr\u00fclebilir g\u0131da \u00fcretimini ve verimli kaynak kullan\u0131m\u0131n\u0131 te\u015fvik eden \u00f6nemli bir yenilik\u00e7i y\u00f6ntemdir. Geli\u015fen teknoloji ve artan \u00e7evresel fark\u0131ndal\u0131kla birlikte, dikey tar\u0131m gelecekte daha yayg\u0131n hale gelerek, d\u00fcnya genelinde g\u0131da \u00fcretiminde devrim yaratabilir. Hem \u00e7evresel hem de ekonomik a\u00e7\u0131dan sa\u011flad\u0131\u011f\u0131 avantajlar ile dikey tar\u0131m, s\u00fcrd\u00fcr\u00fclebilir tar\u0131m\u0131n \u00f6nc\u00fcs\u00fc olma potansiyeline sahiptir.<\/p>\n","protected":false},"excerpt":{"rendered":"<p>Gelece\u011fin Tar\u0131m\u0131 Y\u00f6ntemi Giri\u015f Gelece\u011fin Tar\u0131m\u0131\u00a0 D\u00fcnya n\u00fcfusunun h\u0131zla artt\u0131\u011f\u0131 g\u00fcn\u00fcm\u00fczde, g\u0131da \u00fcretimi ve kaynaklar\u0131n s\u00fcrd\u00fcr\u00fclebilirli\u011fi b\u00fcy\u00fck bir sorun haline gelmi\u015ftir. Tar\u0131m, iklim de\u011fi\u015fikliklerinden, su k\u0131tl\u0131\u011f\u0131na kadar pek \u00e7ok zorlukla&hellip;<\/p>\n","protected":false},"author":1,"featured_media":1658,"comment_status":"closed","ping_status":"open","sticky":false,"template":"","format":"standard","meta":{"_jetpack_memberships_contains_paid_content":false,"footnotes":""},"categories":[2301,1526,3,1243],"tags":[2432,2435,1763,2436,636,2437,2431,2433,2438,2434,751,316,1511,2441,533,537,2440,332,2439,747],"class_list":["post-1657","post","type-post","status-publish","format-standard","has-post-thumbnail","hentry","category-arsiv","category-diger","category-hbr","category-manset","tag-aeroponik-tarim","tag-cevresel-kontrol","tag-dikey-tarim","tag-enerji-tuketimi","tag-gida-guvenligi","tag-gida-uretimi","tag-hidroponik-sistemler","tag-kapali-alan-tarimi","tag-kentsel-tarim","tag-sehir-ici-tarim","tag-su-tasarrufu","tag-surdurulebilir-tarim","tag-tarim-teknolojileri","tag-tarimda-enerji-verimliligi","tag-tarimda-inovasyon","tag-tarimda-surdurulebilirlik","tag-tarimda-teknoloji","tag-tarimda-verimlilik","tag-verimli-tarim-yontemleri","tag-yuksek-verim"],"yoast_head":"<!-- This site is optimized with the Yoast SEO plugin v26.8 - https:\/\/yoast.com\/product\/yoast-seo-wordpress\/ -->\n<title>Gelece\u011fin Tar\u0131m\u0131<\/title>\n<meta name=\"description\" content=\"Gelece\u011fin Tar\u0131m\u0131, \u015fehir i\u00e7i tar\u0131m\u0131, s\u00fcrd\u00fcr\u00fclebilir g\u0131da \u00fcretimini ve verimli kaynak kullan\u0131m\u0131n\u0131 te\u015fvik eden \u00f6nemli bir\" \/>\n<meta name=\"robots\" content=\"index, follow, max-snippet:-1, max-image-preview:large, max-video-preview:-1\" \/>\n<link rel=\"canonical\" href=\"https:\/\/karyem.com.tr\/index.php\/2025\/03\/04\/gelecegin-tarimi\/\" \/>\n<meta property=\"og:locale\" content=\"tr_TR\" \/>\n<meta property=\"og:type\" content=\"article\" \/>\n<meta property=\"og:title\" content=\"Gelece\u011fin Tar\u0131m\u0131\" \/>\n<meta property=\"og:description\" content=\"Gelece\u011fin Tar\u0131m\u0131, \u015fehir i\u00e7i tar\u0131m\u0131, s\u00fcrd\u00fcr\u00fclebilir g\u0131da \u00fcretimini ve verimli kaynak kullan\u0131m\u0131n\u0131 te\u015fvik eden \u00f6nemli bir\" \/>\n<meta property=\"og:url\" content=\"https:\/\/karyem.com.tr\/index.php\/2025\/03\/04\/gelecegin-tarimi\/\" \/>\n<meta property=\"og:site_name\" content=\"Karyem\" \/>\n<meta property=\"article:published_time\" content=\"2025-03-04T05:00:45+00:00\" \/>\n<meta property=\"article:modified_time\" content=\"2025-03-04T05:19:47+00:00\" \/>\n<meta property=\"og:image\" content=\"https:\/\/karyem.com.tr\/wp-content\/uploads\/2025\/03\/dikey_tarim.jpg\" \/>\n\t<meta property=\"og:image:width\" content=\"1920\" \/>\n\t<meta property=\"og:image:height\" content=\"1080\" \/>\n\t<meta property=\"og:image:type\" content=\"image\/jpeg\" \/>\n<meta name=\"author\" content=\"admin\" \/>\n<meta name=\"twitter:card\" content=\"summary_large_image\" \/>\n<meta name=\"twitter:label1\" content=\"Yazan:\" \/>\n\t<meta name=\"twitter:data1\" content=\"admin\" \/>\n\t<meta name=\"twitter:label2\" content=\"Tahmini okuma s\u00fcresi\" \/>\n\t<meta name=\"twitter:data2\" content=\"5 dakika\" \/>\n<script type=\"application\/ld+json\" class=\"yoast-schema-graph\">{\"@context\":\"https:\/\/schema.org\",\"@graph\":[{\"@type\":[\"Article\",\"BlogPosting\"],\"@id\":\"https:\/\/karyem.com.tr\/index.php\/2025\/03\/04\/gelecegin-tarimi\/#article\",\"isPartOf\":{\"@id\":\"https:\/\/karyem.com.tr\/index.php\/2025\/03\/04\/gelecegin-tarimi\/\"},\"author\":{\"name\":\"admin\",\"@id\":\"https:\/\/karyem.com.tr\/#\/schema\/person\/11a0f4cb90af0b1de93ebf9cc0504101\"},\"headline\":\"Gelece\u011fin Tar\u0131m\u0131\",\"datePublished\":\"2025-03-04T05:00:45+00:00\",\"dateModified\":\"2025-03-04T05:19:47+00:00\",\"mainEntityOfPage\":{\"@id\":\"https:\/\/karyem.com.tr\/index.php\/2025\/03\/04\/gelecegin-tarimi\/\"},\"wordCount\":1003,\"publisher\":{\"@id\":\"https:\/\/karyem.com.tr\/#organization\"},\"image\":{\"@id\":\"https:\/\/karyem.com.tr\/index.php\/2025\/03\/04\/gelecegin-tarimi\/#primaryimage\"},\"thumbnailUrl\":\"https:\/\/karyem.com.tr\/wp-content\/uploads\/2025\/03\/dikey_tarim.jpg\",\"keywords\":[\"aeroponik tar\u0131m\",\"\u00e7evresel kontrol\",\"dikey tar\u0131m\",\"enerji t\u00fcketimi\",\"g\u0131da g\u00fcvenli\u011fi\",\"g\u0131da \u00fcretimi\",\"hidroponik sistemler\",\"kapal\u0131 alan tar\u0131m\u0131\",\"kentsel tar\u0131m\",\"\u015fehir i\u00e7i tar\u0131m\",\"su tasarrufu\",\"S\u00fcrd\u00fcr\u00fclebilir Tar\u0131m\",\"tar\u0131m teknolojileri\",\"tar\u0131mda enerji verimlili\u011fi.\",\"tar\u0131mda inovasyon\",\"tar\u0131mda s\u00fcrd\u00fcr\u00fclebilirlik.\",\"tar\u0131mda teknoloji\",\"Tar\u0131mda Verimlilik\",\"verimli tar\u0131m y\u00f6ntemleri\",\"Y\u00fcksek verim\"],\"articleSection\":[\"Arsiv\",\"Diger\",\"Haberler\",\"Manset\"],\"inLanguage\":\"tr\"},{\"@type\":\"WebPage\",\"@id\":\"https:\/\/karyem.com.tr\/index.php\/2025\/03\/04\/gelecegin-tarimi\/\",\"url\":\"https:\/\/karyem.com.tr\/index.php\/2025\/03\/04\/gelecegin-tarimi\/\",\"name\":\"Gelece\u011fin Tar\u0131m\u0131\",\"isPartOf\":{\"@id\":\"https:\/\/karyem.com.tr\/#website\"},\"primaryImageOfPage\":{\"@id\":\"https:\/\/karyem.com.tr\/index.php\/2025\/03\/04\/gelecegin-tarimi\/#primaryimage\"},\"image\":{\"@id\":\"https:\/\/karyem.com.tr\/index.php\/2025\/03\/04\/gelecegin-tarimi\/#primaryimage\"},\"thumbnailUrl\":\"https:\/\/karyem.com.tr\/wp-content\/uploads\/2025\/03\/dikey_tarim.jpg\",\"datePublished\":\"2025-03-04T05:00:45+00:00\",\"dateModified\":\"2025-03-04T05:19:47+00:00\",\"description\":\"Gelece\u011fin Tar\u0131m\u0131, \u015fehir i\u00e7i tar\u0131m\u0131, s\u00fcrd\u00fcr\u00fclebilir g\u0131da \u00fcretimini ve verimli kaynak kullan\u0131m\u0131n\u0131 te\u015fvik eden \u00f6nemli bir\",\"breadcrumb\":{\"@id\":\"https:\/\/karyem.com.tr\/index.php\/2025\/03\/04\/gelecegin-tarimi\/#breadcrumb\"},\"inLanguage\":\"tr\",\"potentialAction\":[{\"@type\":\"ReadAction\",\"target\":[\"https:\/\/karyem.com.tr\/index.php\/2025\/03\/04\/gelecegin-tarimi\/\"]}]},{\"@type\":\"ImageObject\",\"inLanguage\":\"tr\",\"@id\":\"https:\/\/karyem.com.tr\/index.php\/2025\/03\/04\/gelecegin-tarimi\/#primaryimage\",\"url\":\"https:\/\/karyem.com.tr\/wp-content\/uploads\/2025\/03\/dikey_tarim.jpg\",\"contentUrl\":\"https:\/\/karyem.com.tr\/wp-content\/uploads\/2025\/03\/dikey_tarim.jpg\",\"width\":1920,\"height\":1080,\"caption\":\"Gelece\u011fin Tar\u0131m\u0131, \u015fehir i\u00e7i tar\u0131m\u0131, s\u00fcrd\u00fcr\u00fclebilir g\u0131da \u00fcretimini ve verimli kaynak kullan\u0131m\u0131n\u0131 te\u015fvik eden \u00f6nemli bir\"},{\"@type\":\"BreadcrumbList\",\"@id\":\"https:\/\/karyem.com.tr\/index.php\/2025\/03\/04\/gelecegin-tarimi\/#breadcrumb\",\"itemListElement\":[{\"@type\":\"ListItem\",\"position\":1,\"name\":\"Anasayfa\",\"item\":\"https:\/\/karyem.com.tr\/\"},{\"@type\":\"ListItem\",\"position\":2,\"name\":\"Gelece\u011fin Tar\u0131m\u0131\"}]},{\"@type\":\"WebSite\",\"@id\":\"https:\/\/karyem.com.tr\/#website\",\"url\":\"https:\/\/karyem.com.tr\/\",\"name\":\"Karyem\",\"description\":\"Karyem\",\"publisher\":{\"@id\":\"https:\/\/karyem.com.tr\/#organization\"},\"potentialAction\":[{\"@type\":\"SearchAction\",\"target\":{\"@type\":\"EntryPoint\",\"urlTemplate\":\"https:\/\/karyem.com.tr\/?s={search_term_string}\"},\"query-input\":{\"@type\":\"PropertyValueSpecification\",\"valueRequired\":true,\"valueName\":\"search_term_string\"}}],\"inLanguage\":\"tr\"},{\"@type\":\"Organization\",\"@id\":\"https:\/\/karyem.com.tr\/#organization\",\"name\":\"Karyem\",\"url\":\"https:\/\/karyem.com.tr\/\",\"logo\":{\"@type\":\"ImageObject\",\"inLanguage\":\"tr\",\"@id\":\"https:\/\/karyem.com.tr\/#\/schema\/logo\/image\/\",\"url\":\"https:\/\/karyem.com.tr\/wp-content\/uploads\/2025\/02\/cropped-ust.jpg\",\"contentUrl\":\"https:\/\/karyem.com.tr\/wp-content\/uploads\/2025\/02\/cropped-ust.jpg\",\"width\":531,\"height\":100,\"caption\":\"Karyem\"},\"image\":{\"@id\":\"https:\/\/karyem.com.tr\/#\/schema\/logo\/image\/\"}},{\"@type\":\"Person\",\"@id\":\"https:\/\/karyem.com.tr\/#\/schema\/person\/11a0f4cb90af0b1de93ebf9cc0504101\",\"name\":\"admin\",\"image\":{\"@type\":\"ImageObject\",\"inLanguage\":\"tr\",\"@id\":\"https:\/\/karyem.com.tr\/#\/schema\/person\/image\/\",\"url\":\"https:\/\/secure.gravatar.com\/avatar\/040780cfd851f5a33c3c0210ea7f4d85?s=96&d=blank&r=g\",\"contentUrl\":\"https:\/\/secure.gravatar.com\/avatar\/040780cfd851f5a33c3c0210ea7f4d85?s=96&d=blank&r=g\",\"caption\":\"admin\"},\"sameAs\":[\"https:\/\/karyem.com.tr\"],\"url\":\"https:\/\/karyem.com.tr\/index.php\/author\/admin\/\"}]}<\/script>\n<!-- \/ Yoast SEO plugin. -->","yoast_head_json":{"title":"Gelece\u011fin Tar\u0131m\u0131","description":"Gelece\u011fin Tar\u0131m\u0131, \u015fehir i\u00e7i tar\u0131m\u0131, s\u00fcrd\u00fcr\u00fclebilir g\u0131da \u00fcretimini ve verimli kaynak kullan\u0131m\u0131n\u0131 te\u015fvik eden \u00f6nemli bir","robots":{"index":"index","follow":"follow","max-snippet":"max-snippet:-1","max-image-preview":"max-image-preview:large","max-video-preview":"max-video-preview:-1"},"canonical":"https:\/\/karyem.com.tr\/index.php\/2025\/03\/04\/gelecegin-tarimi\/","og_locale":"tr_TR","og_type":"article","og_title":"Gelece\u011fin Tar\u0131m\u0131","og_description":"Gelece\u011fin Tar\u0131m\u0131, \u015fehir i\u00e7i tar\u0131m\u0131, s\u00fcrd\u00fcr\u00fclebilir g\u0131da \u00fcretimini ve verimli kaynak kullan\u0131m\u0131n\u0131 te\u015fvik eden \u00f6nemli bir","og_url":"https:\/\/karyem.com.tr\/index.php\/2025\/03\/04\/gelecegin-tarimi\/","og_site_name":"Karyem","article_published_time":"2025-03-04T05:00:45+00:00","article_modified_time":"2025-03-04T05:19:47+00:00","og_image":[{"width":1920,"height":1080,"url":"https:\/\/karyem.com.tr\/wp-content\/uploads\/2025\/03\/dikey_tarim.jpg","type":"image\/jpeg"}],"author":"admin","twitter_card":"summary_large_image","twitter_misc":{"Yazan:":"admin","Tahmini okuma s\u00fcresi":"5 dakika"},"schema":{"@context":"https:\/\/schema.org","@graph":[{"@type":["Article","BlogPosting"],"@id":"https:\/\/karyem.com.tr\/index.php\/2025\/03\/04\/gelecegin-tarimi\/#article","isPartOf":{"@id":"https:\/\/karyem.com.tr\/index.php\/2025\/03\/04\/gelecegin-tarimi\/"},"author":{"name":"admin","@id":"https:\/\/karyem.com.tr\/#\/schema\/person\/11a0f4cb90af0b1de93ebf9cc0504101"},"headline":"Gelece\u011fin Tar\u0131m\u0131","datePublished":"2025-03-04T05:00:45+00:00","dateModified":"2025-03-04T05:19:47+00:00","mainEntityOfPage":{"@id":"https:\/\/karyem.com.tr\/index.php\/2025\/03\/04\/gelecegin-tarimi\/"},"wordCount":1003,"publisher":{"@id":"https:\/\/karyem.com.tr\/#organization"},"image":{"@id":"https:\/\/karyem.com.tr\/index.php\/2025\/03\/04\/gelecegin-tarimi\/#primaryimage"},"thumbnailUrl":"https:\/\/karyem.com.tr\/wp-content\/uploads\/2025\/03\/dikey_tarim.jpg","keywords":["aeroponik tar\u0131m","\u00e7evresel kontrol","dikey tar\u0131m","enerji t\u00fcketimi","g\u0131da g\u00fcvenli\u011fi","g\u0131da \u00fcretimi","hidroponik sistemler","kapal\u0131 alan tar\u0131m\u0131","kentsel tar\u0131m","\u015fehir i\u00e7i tar\u0131m","su tasarrufu","S\u00fcrd\u00fcr\u00fclebilir Tar\u0131m","tar\u0131m teknolojileri","tar\u0131mda enerji verimlili\u011fi.","tar\u0131mda inovasyon","tar\u0131mda s\u00fcrd\u00fcr\u00fclebilirlik.","tar\u0131mda teknoloji","Tar\u0131mda Verimlilik","verimli tar\u0131m y\u00f6ntemleri","Y\u00fcksek verim"],"articleSection":["Arsiv","Diger","Haberler","Manset"],"inLanguage":"tr"},{"@type":"WebPage","@id":"https:\/\/karyem.com.tr\/index.php\/2025\/03\/04\/gelecegin-tarimi\/","url":"https:\/\/karyem.com.tr\/index.php\/2025\/03\/04\/gelecegin-tarimi\/","name":"Gelece\u011fin Tar\u0131m\u0131","isPartOf":{"@id":"https:\/\/karyem.com.tr\/#website"},"primaryImageOfPage":{"@id":"https:\/\/karyem.com.tr\/index.php\/2025\/03\/04\/gelecegin-tarimi\/#primaryimage"},"image":{"@id":"https:\/\/karyem.com.tr\/index.php\/2025\/03\/04\/gelecegin-tarimi\/#primaryimage"},"thumbnailUrl":"https:\/\/karyem.com.tr\/wp-content\/uploads\/2025\/03\/dikey_tarim.jpg","datePublished":"2025-03-04T05:00:45+00:00","dateModified":"2025-03-04T05:19:47+00:00","description":"Gelece\u011fin Tar\u0131m\u0131, \u015fehir i\u00e7i tar\u0131m\u0131, s\u00fcrd\u00fcr\u00fclebilir g\u0131da \u00fcretimini ve verimli kaynak kullan\u0131m\u0131n\u0131 te\u015fvik eden \u00f6nemli bir","breadcrumb":{"@id":"https:\/\/karyem.com.tr\/index.php\/2025\/03\/04\/gelecegin-tarimi\/#breadcrumb"},"inLanguage":"tr","potentialAction":[{"@type":"ReadAction","target":["https:\/\/karyem.com.tr\/index.php\/2025\/03\/04\/gelecegin-tarimi\/"]}]},{"@type":"ImageObject","inLanguage":"tr","@id":"https:\/\/karyem.com.tr\/index.php\/2025\/03\/04\/gelecegin-tarimi\/#primaryimage","url":"https:\/\/karyem.com.tr\/wp-content\/uploads\/2025\/03\/dikey_tarim.jpg","contentUrl":"https:\/\/karyem.com.tr\/wp-content\/uploads\/2025\/03\/dikey_tarim.jpg","width":1920,"height":1080,"caption":"Gelece\u011fin Tar\u0131m\u0131, \u015fehir i\u00e7i tar\u0131m\u0131, s\u00fcrd\u00fcr\u00fclebilir g\u0131da \u00fcretimini ve verimli kaynak kullan\u0131m\u0131n\u0131 te\u015fvik eden \u00f6nemli bir"},{"@type":"BreadcrumbList","@id":"https:\/\/karyem.com.tr\/index.php\/2025\/03\/04\/gelecegin-tarimi\/#breadcrumb","itemListElement":[{"@type":"ListItem","position":1,"name":"Anasayfa","item":"https:\/\/karyem.com.tr\/"},{"@type":"ListItem","position":2,"name":"Gelece\u011fin Tar\u0131m\u0131"}]},{"@type":"WebSite","@id":"https:\/\/karyem.com.tr\/#website","url":"https:\/\/karyem.com.tr\/","name":"Karyem","description":"Karyem","publisher":{"@id":"https:\/\/karyem.com.tr\/#organization"},"potentialAction":[{"@type":"SearchAction","target":{"@type":"EntryPoint","urlTemplate":"https:\/\/karyem.com.tr\/?s={search_term_string}"},"query-input":{"@type":"PropertyValueSpecification","valueRequired":true,"valueName":"search_term_string"}}],"inLanguage":"tr"},{"@type":"Organization","@id":"https:\/\/karyem.com.tr\/#organization","name":"Karyem","url":"https:\/\/karyem.com.tr\/","logo":{"@type":"ImageObject","inLanguage":"tr","@id":"https:\/\/karyem.com.tr\/#\/schema\/logo\/image\/","url":"https:\/\/karyem.com.tr\/wp-content\/uploads\/2025\/02\/cropped-ust.jpg","contentUrl":"https:\/\/karyem.com.tr\/wp-content\/uploads\/2025\/02\/cropped-ust.jpg","width":531,"height":100,"caption":"Karyem"},"image":{"@id":"https:\/\/karyem.com.tr\/#\/schema\/logo\/image\/"}},{"@type":"Person","@id":"https:\/\/karyem.com.tr\/#\/schema\/person\/11a0f4cb90af0b1de93ebf9cc0504101","name":"admin","image":{"@type":"ImageObject","inLanguage":"tr","@id":"https:\/\/karyem.com.tr\/#\/schema\/person\/image\/","url":"https:\/\/secure.gravatar.com\/avatar\/040780cfd851f5a33c3c0210ea7f4d85?s=96&d=blank&r=g","contentUrl":"https:\/\/secure.gravatar.com\/avatar\/040780cfd851f5a33c3c0210ea7f4d85?s=96&d=blank&r=g","caption":"admin"},"sameAs":["https:\/\/karyem.com.tr"],"url":"https:\/\/karyem.com.tr\/index.php\/author\/admin\/"}]}},"jetpack_featured_media_url":"https:\/\/karyem.com.tr\/wp-content\/uploads\/2025\/03\/dikey_tarim.jpg","jetpack_sharing_enabled":true,"_links":{"self":[{"href":"https:\/\/karyem.com.tr\/index.php\/wp-json\/wp\/v2\/posts\/1657","targetHints":{"allow":["GET"]}}],"collection":[{"href":"https:\/\/karyem.com.tr\/index.php\/wp-json\/wp\/v2\/posts"}],"about":[{"href":"https:\/\/karyem.com.tr\/index.php\/wp-json\/wp\/v2\/types\/post"}],"author":[{"embeddable":true,"href":"https:\/\/karyem.com.tr\/index.php\/wp-json\/wp\/v2\/users\/1"}],"replies":[{"embeddable":true,"href":"https:\/\/karyem.com.tr\/index.php\/wp-json\/wp\/v2\/comments?post=1657"}],"version-history":[{"count":1,"href":"https:\/\/karyem.com.tr\/index.php\/wp-json\/wp\/v2\/posts\/1657\/revisions"}],"predecessor-version":[{"id":1659,"href":"https:\/\/karyem.com.tr\/index.php\/wp-json\/wp\/v2\/posts\/1657\/revisions\/1659"}],"wp:featuredmedia":[{"embeddable":true,"href":"https:\/\/karyem.com.tr\/index.php\/wp-json\/wp\/v2\/media\/1658"}],"wp:attachment":[{"href":"https:\/\/karyem.com.tr\/index.php\/wp-json\/wp\/v2\/media?parent=1657"}],"wp:term":[{"taxonomy":"category","embeddable":true,"href":"https:\/\/karyem.com.tr\/index.php\/wp-json\/wp\/v2\/categories?post=1657"},{"taxonomy":"post_tag","embeddable":true,"href":"https:\/\/karyem.com.tr\/index.php\/wp-json\/wp\/v2\/tags?post=1657"}],"curies":[{"name":"wp","href":"https:\/\/api.w.org\/{rel}","templated":true}]}}