{"id":1742,"date":"2025-03-06T07:08:20","date_gmt":"2025-03-06T07:08:20","guid":{"rendered":"https:\/\/karyem.com.tr\/?p=1742"},"modified":"2025-03-06T07:08:20","modified_gmt":"2025-03-06T07:08:20","slug":"sigirlara-ruzgar-etkisi","status":"publish","type":"post","link":"https:\/\/karyem.com.tr\/index.php\/2025\/03\/06\/sigirlara-ruzgar-etkisi\/","title":{"rendered":"S\u0131\u011f\u0131rlara R\u00fczgar Etkisi"},"content":{"rendered":"<div class=\"flex max-w-full flex-col flex-grow\">\n<div class=\"min-h-8 text-message relative flex w-full flex-col items-end gap-2 whitespace-normal break-words text-start [.text-message+&amp;]:mt-5\" dir=\"auto\" data-message-author-role=\"assistant\" data-message-id=\"d276f1df-cad7-467e-9a86-65521298e30e\" data-message-model-slug=\"gpt-4o-mini\">\n<div class=\"flex w-full flex-col gap-1 empty:hidden first:pt-[3px]\">\n<div class=\"markdown prose w-full break-words dark:prose-invert light\">\n<h3 data-start=\"0\" data-end=\"60\">S\u0131\u011f\u0131rlara R\u00fczgar Etkisi: Fiziksel ve Psikolojik Boyutlar<\/h3>\n<p data-start=\"62\" data-end=\"545\">S\u0131\u011f\u0131rlara r\u00fczgar\u0131n etkisi, hem fiziksel sa\u011fl\u0131klar\u0131n\u0131 hem de psikolojik durumlar\u0131n\u0131 etkileyebilir. R\u00fczgar, \u00f6zellikle a\u015f\u0131r\u0131 s\u0131cakl\u0131k, so\u011fuk, nem, ve r\u00fczgarl\u0131 ko\u015fullarla birle\u015fti\u011finde, s\u0131\u011f\u0131rlar\u0131n ya\u015fam kalitesini d\u00fc\u015f\u00fcrebilir ve sa\u011fl\u0131k problemlerine yol a\u00e7abilir. Bu makalede, r\u00fczgar\u0131n s\u0131\u011f\u0131rlar \u00fczerindeki etkileri, r\u00fczgar\u0131n olu\u015fturdu\u011fu stresin sonu\u00e7lar\u0131, r\u00fczgarl\u0131 ko\u015fullarda sa\u011fl\u0131kl\u0131 s\u0131\u011f\u0131r bak\u0131m\u0131 i\u00e7in al\u0131nmas\u0131 gereken \u00f6nlemler ve r\u00fczgar\u0131n etkilerini azaltma y\u00f6ntemleri ele al\u0131nacakt\u0131r.<\/p>\n<h4 data-start=\"547\" data-end=\"578\">R\u00fczgar\u0131n Fiziksel Etkileri<\/h4>\n<p data-start=\"580\" data-end=\"943\">S\u0131\u011f\u0131rlara R\u00fczgar Etkisi R\u00fczgar\u0131n s\u0131\u011f\u0131rlar \u00fczerindeki fiziksel etkisi, hayvanlar\u0131n v\u00fccut \u0131s\u0131s\u0131n\u0131 d\u00fczenleme yetenekleriyle do\u011frudan ili\u015fkilidir. S\u0131\u011f\u0131rlar, di\u011fer bir\u00e7ok hayvan t\u00fcr\u00fcne g\u00f6re daha b\u00fcy\u00fck bir v\u00fccuda sahip olduklar\u0131 i\u00e7in \u0131s\u0131 dengesini sa\u011flama konusunda daha fazla zorluk ya\u015fayabilirler. Ancak r\u00fczgar\u0131n \u015fiddeti, y\u00f6n\u00fc ve s\u0131cakl\u0131k gibi \u00e7evresel fakt\u00f6rler de bu dengeyi etkileyebilir.<\/p>\n<h5 data-start=\"945\" data-end=\"987\">1. <strong data-start=\"954\" data-end=\"987\">So\u011fuk Hava ve R\u00fczgar\u0131n Etkisi<\/strong><\/h5>\n<ul data-start=\"991\" data-end=\"1604\">\n<li data-start=\"991\" data-end=\"1398\"><strong data-start=\"993\" data-end=\"1006\">Is\u0131 Kayb\u0131<\/strong>: R\u00fczgar\u0131n so\u011fuk hava ile birle\u015fmesi, s\u0131\u011f\u0131rlar\u0131n v\u00fccutlar\u0131ndan daha h\u0131zl\u0131 \u0131s\u0131 kaybetmelerine neden olabilir. Bu, hayvanlar\u0131n hipotermi (v\u00fccut \u0131s\u0131s\u0131n\u0131n anormal derecede d\u00fc\u015fmesi) riskiyle kar\u015f\u0131 kar\u015f\u0131ya kalmalar\u0131na yol a\u00e7abilir. \u00d6zellikle so\u011fuk k\u0131\u015f aylar\u0131nda r\u00fczgar, v\u00fccut \u0131s\u0131s\u0131n\u0131 h\u0131zla d\u00fc\u015f\u00fcrerek s\u0131\u011f\u0131rlar\u0131n so\u011fuk alg\u0131nl\u0131\u011f\u0131, bron\u015fit gibi solunum yolu hastal\u0131klar\u0131na yakalanmalar\u0131na yol a\u00e7abilir.<\/li>\n<li data-start=\"1402\" data-end=\"1604\"><strong data-start=\"1404\" data-end=\"1425\">Buzlanma ve Donma<\/strong>: \u015eiddetli r\u00fczgarlar ve d\u00fc\u015f\u00fck s\u0131cakl\u0131klar, s\u0131\u011f\u0131rlar\u0131n v\u00fccutlar\u0131nda buzlanmalara neden olabilir. Bu, \u00f6zellikle ya\u015fl\u0131 ve zay\u0131f hayvanlar i\u00e7in ciddi bir sa\u011fl\u0131k tehdidi olu\u015fturabilir.<\/li>\n<\/ul>\n<h5 data-start=\"1606\" data-end=\"1648\">2. <strong data-start=\"1615\" data-end=\"1648\">S\u0131cak Hava ve R\u00fczgar\u0131n Etkisi<\/strong><\/h5>\n<ul data-start=\"1652\" data-end=\"2123\">\n<li data-start=\"1652\" data-end=\"1929\"><strong data-start=\"1654\" data-end=\"1668\">Is\u0131 Stresi<\/strong>: R\u00fczgar\u0131n s\u0131cak havayla birle\u015fmesi, s\u0131\u011f\u0131rlar\u0131n a\u015f\u0131r\u0131 \u0131s\u0131nmas\u0131na yol a\u00e7abilir. Is\u0131 stresi, s\u0131\u011f\u0131rlar\u0131n v\u00fccut \u0131s\u0131s\u0131n\u0131 d\u00fczenleyebilme yeteneklerini zorlar ve bunun sonucunda verimlilik kayb\u0131, i\u015ftahs\u0131zl\u0131k, s\u00fct \u00fcretiminde azalma ve hatta \u00f6l\u00fcm riski ortaya \u00e7\u0131kabilir.<\/li>\n<li data-start=\"1933\" data-end=\"2123\"><strong data-start=\"1935\" data-end=\"1952\">Dehidratasyon<\/strong>: Is\u0131 stresi, s\u0131\u011f\u0131rlar\u0131n a\u015f\u0131r\u0131 su kaybetmesine yol a\u00e7arak dehidratasyona neden olabilir. Bu durum, hayvanlar\u0131n besin al\u0131mlar\u0131n\u0131 ve metabolizmalar\u0131n\u0131 olumsuz y\u00f6nde etkiler.<\/li>\n<\/ul>\n<h4 data-start=\"2125\" data-end=\"2158\">R\u00fczgar\u0131n Psikolojik Etkileri<\/h4>\n<p data-start=\"2160\" data-end=\"2383\">S\u0131\u011f\u0131rlara R\u00fczgar Etkisi\u00a0 R\u00fczgar yaln\u0131zca fiziksel sa\u011fl\u0131k \u00fczerinde de\u011fil, ayn\u0131 zamanda s\u0131\u011f\u0131rlar\u0131n psikolojik durumunu da etkileyebilir. Hayvanlar, \u00e7evresel de\u011fi\u015fikliklere kar\u015f\u0131 olduk\u00e7a hassast\u0131r ve \u00f6zellikle sert r\u00fczgarlar, onlar\u0131 huzursuz edebilir.<\/p>\n<h5 data-start=\"2385\" data-end=\"2432\">1. <strong data-start=\"2394\" data-end=\"2432\">Stres ve Davran\u0131\u015fsal De\u011fi\u015fiklikler<\/strong><\/h5>\n<ul data-start=\"2436\" data-end=\"3120\">\n<li data-start=\"2436\" data-end=\"2833\"><strong data-start=\"2438\" data-end=\"2468\">Huzursuzluk ve Tedirginlik<\/strong>: \u015eiddetli r\u00fczgarlar, s\u0131\u011f\u0131rlar\u0131n \u00e7evrelerinde ve bar\u0131naklar\u0131nda normalden farkl\u0131 sesler ve hareketler yaratarak, onlar\u0131 korkutabilir. Bu durum, hayvanlar\u0131n stres seviyelerinin artmas\u0131na ve anksiyete gibi davran\u0131\u015fsal de\u011fi\u015fikliklerin ortaya \u00e7\u0131kmas\u0131na neden olabilir. Stresli s\u0131\u011f\u0131rlar daha az yem yer, daha az su i\u00e7er ve normalden farkl\u0131 davran\u0131\u015flar sergileyebilirler.<\/li>\n<li data-start=\"2837\" data-end=\"3120\"><strong data-start=\"2839\" data-end=\"2861\">Sosyal Davran\u0131\u015flar<\/strong>: R\u00fczgarl\u0131 ko\u015fullarda, s\u0131\u011f\u0131rlar\u0131n sosyal davran\u0131\u015flar\u0131nda de\u011fi\u015fiklikler g\u00f6zlemlenebilir. R\u00fczgar nedeniyle s\u0131\u011f\u0131rlar, s\u00fcr\u00fcden ayr\u0131lma e\u011filiminde olabilir veya gruplar halinde hareket etmekte zorlanabilirler. Bu, \u00f6zellikle gen\u00e7 hayvanlar i\u00e7in problem yaratabilir.<\/li>\n<\/ul>\n<h4 data-start=\"3122\" data-end=\"3182\">R\u00fczgar\u0131n Etkilerinin Azalt\u0131lmas\u0131 \u0130\u00e7in Al\u0131nacak \u00d6nlemler<\/h4>\n<p data-start=\"3184\" data-end=\"3360\">S\u0131\u011f\u0131rlar\u0131n r\u00fczgar\u0131n olumsuz etkilerinden korunabilmesi i\u00e7in baz\u0131 temel \u00f6nlemler al\u0131nabilir. Bu \u00f6nlemler, hem fiziksel sa\u011fl\u0131\u011f\u0131 hem de psikolojik durumu iyile\u015ftirmeye y\u00f6neliktir.<\/p>\n<h5 data-start=\"3362\" data-end=\"3403\">1. <strong data-start=\"3371\" data-end=\"3403\">Bar\u0131nak ve Korunakl\u0131 Alanlar<\/strong><\/h5>\n<ul data-start=\"3407\" data-end=\"4056\">\n<li data-start=\"3407\" data-end=\"3829\"><strong data-start=\"3409\" data-end=\"3430\">R\u00fczgardan Korunma<\/strong>: S\u0131\u011f\u0131rlar\u0131n so\u011fuk veya r\u00fczgarl\u0131 havalarda bar\u0131nacaklar\u0131 alanlar\u0131n iyi tasarlanmas\u0131 \u00f6nemlidir. Bar\u0131naklar, r\u00fczgar\u0131 kesebilecek \u015fekilde in\u015fa edilmelidir. Duvarlar, a\u00e7\u0131k alanlardan gelen r\u00fczgar\u0131 engelleyecek \u015fekilde yerle\u015ftirilmeli ve r\u00fczgar\u0131n girmesini engelleyen bariyerler kullan\u0131lmal\u0131d\u0131r. Ayr\u0131ca, r\u00fczgar\u0131n y\u00f6n\u00fcne g\u00f6re bar\u0131nak yerle\u015fimi, s\u0131\u011f\u0131rlar\u0131n olumsuz etkilerden korunmas\u0131na yard\u0131mc\u0131 olabilir.<\/li>\n<li data-start=\"3833\" data-end=\"4056\"><strong data-start=\"3835\" data-end=\"3860\">Yapay Koruma Alanlar\u0131<\/strong>: A\u011fa\u00e7lar veya \u00f6zel bariyerlerle s\u0131\u011f\u0131rlar\u0131n r\u00fczgardan korunabilece\u011fi do\u011fal alanlar olu\u015fturulabilir. Bu t\u00fcr alanlar, hayvanlar\u0131 \u015fiddetli r\u00fczgar\u0131n etkilerinden koruyarak daha rahat bir ortam sa\u011flar.<\/li>\n<\/ul>\n<h5 data-start=\"4058\" data-end=\"4102\">2. <strong data-start=\"4067\" data-end=\"4102\">\u0130klim Ko\u015fullar\u0131na Uygun Bar\u0131nma<\/strong><\/h5>\n<ul data-start=\"4106\" data-end=\"4582\">\n<li data-start=\"4106\" data-end=\"4338\"><strong data-start=\"4108\" data-end=\"4132\">Yal\u0131t\u0131ml\u0131 Bar\u0131naklar<\/strong>: \u00d6zellikle so\u011fuk k\u0131\u015f aylar\u0131nda, yal\u0131t\u0131ml\u0131 bar\u0131naklar s\u0131\u011f\u0131rlar\u0131n \u0131s\u0131nmas\u0131na yard\u0131mc\u0131 olur. Ayn\u0131 \u015fekilde yaz aylar\u0131nda da serinletici \u00f6nlemler al\u0131narak hayvanlar\u0131n s\u0131cakl\u0131k stresinden korunmas\u0131 sa\u011flanabilir.<\/li>\n<li data-start=\"4342\" data-end=\"4582\"><strong data-start=\"4344\" data-end=\"4364\">\u0130yi Havaland\u0131rma<\/strong>: S\u0131cak havalarda, bar\u0131naklar\u0131n iyi bir \u015fekilde havaland\u0131r\u0131lmas\u0131, hayvanlar\u0131n rahat bir ortamda bulunmas\u0131n\u0131 sa\u011flar. Ancak, havaland\u0131rma sistemleri tasarlan\u0131rken r\u00fczgar\u0131n do\u011frudan hayvanlara etkisini azaltmak \u00f6nemlidir.<\/li>\n<\/ul>\n<h5 data-start=\"4584\" data-end=\"4622\">3. <strong data-start=\"4593\" data-end=\"4622\">Beslenme ve S\u0131v\u0131 T\u00fcketimi<\/strong><\/h5>\n<ul data-start=\"4626\" data-end=\"5041\">\n<li data-start=\"4626\" data-end=\"4862\"><strong data-start=\"4628\" data-end=\"4648\">Yeterli Beslenme<\/strong>: R\u00fczgar\u0131n etkilerinden korunmak i\u00e7in s\u0131\u011f\u0131rlar\u0131n yeterli ve dengeli bir \u015fekilde beslenmesi gereklidir. S\u0131cak havalarda hayvanlar genellikle daha az yem yer, bu nedenle beslenme al\u0131\u015fkanl\u0131klar\u0131 g\u00f6zden ge\u00e7irilmelidir.<\/li>\n<li data-start=\"4866\" data-end=\"5041\"><strong data-start=\"4868\" data-end=\"4883\">Su T\u00fcketimi<\/strong>: \u00d6zellikle s\u0131cak havalarda, s\u0131\u011f\u0131rlar\u0131n su ihtiya\u00e7lar\u0131 artar. Dehidratasyonu \u00f6nlemek i\u00e7in su kaynaklar\u0131n\u0131n s\u00fcrekli temiz ve eri\u015filebilir olmas\u0131 sa\u011flanmal\u0131d\u0131r.<\/li>\n<\/ul>\n<h5 data-start=\"5043\" data-end=\"5085\">4. <strong data-start=\"5052\" data-end=\"5085\">R\u00fczgar ve Is\u0131 Stresi Y\u00f6netimi<\/strong><\/h5>\n<ul data-start=\"5089\" data-end=\"5558\">\n<li data-start=\"5089\" data-end=\"5342\"><strong data-start=\"5091\" data-end=\"5112\">Is\u0131 Stresi \u0130zleme<\/strong>: S\u0131\u011f\u0131rlar\u0131n \u0131s\u0131 stresini y\u00f6netmek i\u00e7in, ortam s\u0131cakl\u0131klar\u0131 ve nem oranlar\u0131 izlenmeli ve gerekti\u011finde s\u0131\u011f\u0131rlar\u0131n yer de\u011fi\u015ftirmeleri sa\u011flanmal\u0131d\u0131r. S\u0131cakl\u0131k ve nem oranlar\u0131n\u0131 dengelemek, s\u0131\u011f\u0131rlar\u0131n sa\u011fl\u0131\u011f\u0131n\u0131 korumak i\u00e7in \u00f6nemlidir.<\/li>\n<li data-start=\"5346\" data-end=\"5558\"><strong data-start=\"5348\" data-end=\"5373\">Serinletme Sistemleri<\/strong>: S\u0131cak havalarda hayvanlar\u0131 serin tutmak i\u00e7in s\u0131v\u0131 buharla\u015ft\u0131rma sistemleri veya fanlar kullan\u0131labilir. Bu y\u00f6ntemler, s\u0131\u011f\u0131rlar\u0131n v\u00fccut s\u0131cakl\u0131klar\u0131n\u0131 d\u00fczenlemelerine yard\u0131mc\u0131 olabilir.<\/li>\n<\/ul>\n<h5 data-start=\"5560\" data-end=\"5614\">5. <strong data-start=\"5569\" data-end=\"5614\">R\u00fczgar ve Hava Ko\u015fullar\u0131na Uygun Rutunlar<\/strong><\/h5>\n<ul data-start=\"5618\" data-end=\"5929\">\n<li data-start=\"5618\" data-end=\"5929\"><strong data-start=\"5620\" data-end=\"5655\">Zamanlama ve Aktivite D\u00fczenleme<\/strong>: \u015eiddetli r\u00fczgarlar veya a\u015f\u0131r\u0131 s\u0131cakl\u0131klar gibi olumsuz hava ko\u015fullar\u0131nda s\u0131\u011f\u0131rlar\u0131n d\u0131\u015far\u0131da kalmalar\u0131n\u0131 s\u0131n\u0131rlamak \u00f6nemlidir. G\u00fcn\u00fcn serin saatlerinde hayvanlar\u0131n d\u0131\u015far\u0131 \u00e7\u0131kmalar\u0131 sa\u011flanabilir. Bu, hem r\u00fczgar\u0131n etkisini azalt\u0131r hem de hayvanlar\u0131n fiziksel sa\u011fl\u0131\u011f\u0131n\u0131 korur.<\/li>\n<\/ul>\n<h4 data-start=\"5931\" data-end=\"5941\">Sonu\u00e7<\/h4>\n<p data-start=\"5943\" data-end=\"6542\" data-is-last-node=\"\" data-is-only-node=\"\">\u00a0S\u0131\u011f\u0131rlara R\u00fczgar Etkisi, s\u0131\u011f\u0131rlar\u0131n sa\u011fl\u0131\u011f\u0131 \u00fczerinde \u00f6nemli bir etkiye sahip olabilir. So\u011fuk, s\u0131cak, nemli veya r\u00fczgarl\u0131 hava ko\u015fullar\u0131, hayvanlar\u0131n v\u00fccut \u0131s\u0131s\u0131n\u0131, davran\u0131\u015flar\u0131n\u0131 ve genel sa\u011fl\u0131k durumlar\u0131n\u0131 olumsuz y\u00f6nde etkileyebilir. Ancak uygun bar\u0131nak d\u00fczenlemeleri, beslenme stratejileri ve \u00e7evresel ko\u015fullar\u0131n y\u00f6netimi ile r\u00fczgar\u0131n bu olumsuz etkileri b\u00fcy\u00fck \u00f6l\u00e7\u00fcde azalt\u0131labilir. S\u0131\u011f\u0131rlara y\u00f6nelik r\u00fczgar etkilerini \u00f6nlemek, hayvanlar\u0131n sa\u011fl\u0131\u011f\u0131n\u0131 korumak ve verimlili\u011fi art\u0131rmak i\u00e7in kritik bir ad\u0131md\u0131r. Bu nedenle, \u00e7iftliklerde r\u00fczgar\u0131n olumsuz etkilerini minimize etmek i\u00e7in do\u011fru \u00f6nlemleri almak gereklidir.<\/p>\n<\/div>\n<\/div>\n<\/div>\n<\/div>\n<div class=\"mb-2 flex gap-3 -ml-2\" tabindex=\"0\">\n<div class=\"items-center justify-start rounded-xl p-1 flex\">\n<div class=\"flex items-center\"><\/div>\n<\/div>\n<\/div>\n","protected":false},"excerpt":{"rendered":"<p>S\u0131\u011f\u0131rlara R\u00fczgar Etkisi: Fiziksel ve Psikolojik Boyutlar S\u0131\u011f\u0131rlara r\u00fczgar\u0131n etkisi, hem fiziksel sa\u011fl\u0131klar\u0131n\u0131 hem de psikolojik durumlar\u0131n\u0131 etkileyebilir. R\u00fczgar, \u00f6zellikle a\u015f\u0131r\u0131 s\u0131cakl\u0131k, so\u011fuk, nem, ve r\u00fczgarl\u0131 ko\u015fullarla birle\u015fti\u011finde, s\u0131\u011f\u0131rlar\u0131n ya\u015fam&hellip;<\/p>\n","protected":false},"author":1,"featured_media":1743,"comment_status":"closed","ping_status":"open","sticky":false,"template":"","format":"standard","meta":{"_jetpack_memberships_contains_paid_content":false,"footnotes":""},"categories":[2301,3,1243],"tags":[2725,2747,2737,2741,822,325,2306,653,2746,897,206,656,2743,2721,2221,2738,2720,2726,2722,2740,2739,2731,2736,2723,2734,2724,2727,2732,2733,2735,2744,2730,764,395,2718,2742,2719,2729,2745,771,2728],"class_list":["post-1742","post","type-post","status-publish","format-standard","has-post-thumbnail","hentry","category-arsiv","category-hbr","category-manset","tag-barinak-duzenlemeleri","tag-barinak-insasi","tag-barinak-tasarimi","tag-beslenme-yonetimi","tag-cevresel-kosullar","tag-ciftlik-yonetimi","tag-dehidratasyon","tag-fiziksel-saglik","tag-hava-kosullari","tag-havalandirma","tag-hayvan-sagligi","tag-hayvanlarin-korunmasi","tag-hayvanlarin-su-ihtiyaci","tag-hipotermi","tag-isi-stresi","tag-isi-duzenleme","tag-isi-kaybi","tag-ruzgar-bariyerleri","tag-ruzgar-korumasi","tag-ruzgar-ve-beslenme","tag-ruzgar-ve-sicaklik","tag-ruzgar-yonu","tag-ruzgarin-davranissal-etkileri","tag-ruzgarin-etkisi","tag-ruzgarin-fiziksel-etkisi","tag-ruzgarin-psikolojik-etkileri","tag-ruzgarin-psikolojik-etkisi","tag-ruzgarin-sicak-etkisi","tag-ruzgarli-kosullar","tag-ruzgarli-ortamda-hayvan-bakimi","tag-serinletme-sistemleri","tag-sicak-hava","tag-sicaklik-yonetimi","tag-sigir-bakimi","tag-sigirlara-ruzgar-etkisi","tag-sivi-tuketimi","tag-soguk-hava","tag-sosyal-davranis-degisiklikleri","tag-stres-ve-saglik","tag-stres-yonetimi","tag-stresli-sigirlar"],"yoast_head":"<!-- This site is optimized with the Yoast SEO plugin v26.8 - https:\/\/yoast.com\/product\/yoast-seo-wordpress\/ -->\n<title>S\u0131\u011f\u0131rlara R\u00fczgar Etkisi<\/title>\n<meta name=\"description\" content=\"S\u0131\u011f\u0131rlara R\u00fczgar Etkisi, s\u0131\u011f\u0131rlar\u0131n sa\u011fl\u0131\u011f\u0131 \u00fczerinde \u00f6nemli bir etkiye sahip olabilir. So\u011fuk, s\u0131cak, nemli veya r\u00fczgarl\u0131 hava ko\u015fullar\u0131,\" \/>\n<meta name=\"robots\" content=\"index, follow, max-snippet:-1, max-image-preview:large, max-video-preview:-1\" \/>\n<link rel=\"canonical\" href=\"https:\/\/karyem.com.tr\/index.php\/2025\/03\/06\/sigirlara-ruzgar-etkisi\/\" \/>\n<meta property=\"og:locale\" content=\"tr_TR\" \/>\n<meta property=\"og:type\" content=\"article\" \/>\n<meta property=\"og:title\" content=\"S\u0131\u011f\u0131rlara R\u00fczgar Etkisi\" \/>\n<meta property=\"og:description\" content=\"S\u0131\u011f\u0131rlara R\u00fczgar Etkisi, s\u0131\u011f\u0131rlar\u0131n sa\u011fl\u0131\u011f\u0131 \u00fczerinde \u00f6nemli bir etkiye sahip olabilir. So\u011fuk, s\u0131cak, nemli veya r\u00fczgarl\u0131 hava ko\u015fullar\u0131,\" \/>\n<meta property=\"og:url\" content=\"https:\/\/karyem.com.tr\/index.php\/2025\/03\/06\/sigirlara-ruzgar-etkisi\/\" \/>\n<meta property=\"og:site_name\" content=\"Karyem\" \/>\n<meta property=\"article:published_time\" content=\"2025-03-06T07:08:20+00:00\" \/>\n<meta property=\"og:image\" content=\"https:\/\/karyem.com.tr\/wp-content\/uploads\/2025\/03\/ruzgar.jpg\" \/>\n\t<meta property=\"og:image:width\" content=\"1920\" \/>\n\t<meta property=\"og:image:height\" content=\"1080\" \/>\n\t<meta property=\"og:image:type\" content=\"image\/jpeg\" \/>\n<meta name=\"author\" content=\"admin\" \/>\n<meta name=\"twitter:card\" content=\"summary_large_image\" \/>\n<meta name=\"twitter:label1\" content=\"Yazan:\" \/>\n\t<meta name=\"twitter:data1\" content=\"admin\" \/>\n\t<meta name=\"twitter:label2\" content=\"Tahmini okuma s\u00fcresi\" \/>\n\t<meta name=\"twitter:data2\" content=\"5 dakika\" \/>\n<script type=\"application\/ld+json\" class=\"yoast-schema-graph\">{\"@context\":\"https:\/\/schema.org\",\"@graph\":[{\"@type\":[\"Article\",\"BlogPosting\"],\"@id\":\"https:\/\/karyem.com.tr\/index.php\/2025\/03\/06\/sigirlara-ruzgar-etkisi\/#article\",\"isPartOf\":{\"@id\":\"https:\/\/karyem.com.tr\/index.php\/2025\/03\/06\/sigirlara-ruzgar-etkisi\/\"},\"author\":{\"name\":\"admin\",\"@id\":\"https:\/\/karyem.com.tr\/#\/schema\/person\/11a0f4cb90af0b1de93ebf9cc0504101\"},\"headline\":\"S\u0131\u011f\u0131rlara R\u00fczgar Etkisi\",\"datePublished\":\"2025-03-06T07:08:20+00:00\",\"mainEntityOfPage\":{\"@id\":\"https:\/\/karyem.com.tr\/index.php\/2025\/03\/06\/sigirlara-ruzgar-etkisi\/\"},\"wordCount\":1196,\"publisher\":{\"@id\":\"https:\/\/karyem.com.tr\/#organization\"},\"image\":{\"@id\":\"https:\/\/karyem.com.tr\/index.php\/2025\/03\/06\/sigirlara-ruzgar-etkisi\/#primaryimage\"},\"thumbnailUrl\":\"https:\/\/karyem.com.tr\/wp-content\/uploads\/2025\/03\/ruzgar.jpg\",\"keywords\":[\"bar\u0131nak d\u00fczenlemeleri\",\"bar\u0131nak in\u015fas\u0131.\",\"bar\u0131nak tasar\u0131m\u0131\",\"beslenme y\u00f6netimi\",\"\u00c7evresel Ko\u015fullar\",\"\u00c7iftlik Y\u00f6netimi\",\"dehidratasyon\",\"fiziksel sa\u011fl\u0131k\",\"hava ko\u015fullar\u0131\",\"Havaland\u0131rma\",\"Hayvan sa\u011fl\u0131\u011f\u0131\",\"hayvanlar\u0131n korunmas\u0131\",\"hayvanlar\u0131n su ihtiyac\u0131\",\"hipotermi\",\"Is\u0131 stresi\",\"\u0131s\u0131 d\u00fczenleme\",\"\u0131s\u0131 kayb\u0131\",\"r\u00fczgar bariyerleri\",\"r\u00fczgar korumas\u0131\",\"r\u00fczgar ve beslenme\",\"r\u00fczgar ve s\u0131cakl\u0131k\",\"r\u00fczgar y\u00f6n\u00fc\",\"r\u00fczgar\u0131n davran\u0131\u015fsal etkileri\",\"r\u00fczgar\u0131n etkisi\",\"r\u00fczgar\u0131n fiziksel etkisi\",\"r\u00fczgar\u0131n psikolojik etkileri\",\"r\u00fczgar\u0131n psikolojik etkisi\",\"r\u00fczgar\u0131n s\u0131cak etkisi\",\"r\u00fczgarl\u0131 ko\u015fullar\",\"r\u00fczgarl\u0131 ortamda hayvan bak\u0131m\u0131\",\"serinletme sistemleri\",\"s\u0131cak hava\",\"s\u0131cakl\u0131k y\u00f6netimi\",\"s\u0131\u011f\u0131r bak\u0131m\u0131\",\"S\u0131\u011f\u0131rlara r\u00fczgar etkisi\",\"s\u0131v\u0131 t\u00fcketimi\",\"so\u011fuk hava\",\"sosyal davran\u0131\u015f de\u011fi\u015fiklikleri\",\"stres ve sa\u011fl\u0131k\",\"stres y\u00f6netimi\",\"stresli s\u0131\u011f\u0131rlar\"],\"articleSection\":[\"Arsiv\",\"Haberler\",\"Manset\"],\"inLanguage\":\"tr\"},{\"@type\":\"WebPage\",\"@id\":\"https:\/\/karyem.com.tr\/index.php\/2025\/03\/06\/sigirlara-ruzgar-etkisi\/\",\"url\":\"https:\/\/karyem.com.tr\/index.php\/2025\/03\/06\/sigirlara-ruzgar-etkisi\/\",\"name\":\"S\u0131\u011f\u0131rlara R\u00fczgar Etkisi\",\"isPartOf\":{\"@id\":\"https:\/\/karyem.com.tr\/#website\"},\"primaryImageOfPage\":{\"@id\":\"https:\/\/karyem.com.tr\/index.php\/2025\/03\/06\/sigirlara-ruzgar-etkisi\/#primaryimage\"},\"image\":{\"@id\":\"https:\/\/karyem.com.tr\/index.php\/2025\/03\/06\/sigirlara-ruzgar-etkisi\/#primaryimage\"},\"thumbnailUrl\":\"https:\/\/karyem.com.tr\/wp-content\/uploads\/2025\/03\/ruzgar.jpg\",\"datePublished\":\"2025-03-06T07:08:20+00:00\",\"description\":\"S\u0131\u011f\u0131rlara R\u00fczgar Etkisi, s\u0131\u011f\u0131rlar\u0131n sa\u011fl\u0131\u011f\u0131 \u00fczerinde \u00f6nemli bir etkiye sahip olabilir. So\u011fuk, s\u0131cak, nemli veya r\u00fczgarl\u0131 hava ko\u015fullar\u0131,\",\"breadcrumb\":{\"@id\":\"https:\/\/karyem.com.tr\/index.php\/2025\/03\/06\/sigirlara-ruzgar-etkisi\/#breadcrumb\"},\"inLanguage\":\"tr\",\"potentialAction\":[{\"@type\":\"ReadAction\",\"target\":[\"https:\/\/karyem.com.tr\/index.php\/2025\/03\/06\/sigirlara-ruzgar-etkisi\/\"]}]},{\"@type\":\"ImageObject\",\"inLanguage\":\"tr\",\"@id\":\"https:\/\/karyem.com.tr\/index.php\/2025\/03\/06\/sigirlara-ruzgar-etkisi\/#primaryimage\",\"url\":\"https:\/\/karyem.com.tr\/wp-content\/uploads\/2025\/03\/ruzgar.jpg\",\"contentUrl\":\"https:\/\/karyem.com.tr\/wp-content\/uploads\/2025\/03\/ruzgar.jpg\",\"width\":1920,\"height\":1080,\"caption\":\"S\u0131\u011f\u0131rlara R\u00fczgar Etkisi, s\u0131\u011f\u0131rlar\u0131n sa\u011fl\u0131\u011f\u0131 \u00fczerinde \u00f6nemli bir etkiye sahip olabilir. So\u011fuk, s\u0131cak, nemli veya r\u00fczgarl\u0131 hava ko\u015fullar\u0131,\"},{\"@type\":\"BreadcrumbList\",\"@id\":\"https:\/\/karyem.com.tr\/index.php\/2025\/03\/06\/sigirlara-ruzgar-etkisi\/#breadcrumb\",\"itemListElement\":[{\"@type\":\"ListItem\",\"position\":1,\"name\":\"Anasayfa\",\"item\":\"https:\/\/karyem.com.tr\/\"},{\"@type\":\"ListItem\",\"position\":2,\"name\":\"S\u0131\u011f\u0131rlara R\u00fczgar Etkisi\"}]},{\"@type\":\"WebSite\",\"@id\":\"https:\/\/karyem.com.tr\/#website\",\"url\":\"https:\/\/karyem.com.tr\/\",\"name\":\"Karyem\",\"description\":\"Karyem\",\"publisher\":{\"@id\":\"https:\/\/karyem.com.tr\/#organization\"},\"potentialAction\":[{\"@type\":\"SearchAction\",\"target\":{\"@type\":\"EntryPoint\",\"urlTemplate\":\"https:\/\/karyem.com.tr\/?s={search_term_string}\"},\"query-input\":{\"@type\":\"PropertyValueSpecification\",\"valueRequired\":true,\"valueName\":\"search_term_string\"}}],\"inLanguage\":\"tr\"},{\"@type\":\"Organization\",\"@id\":\"https:\/\/karyem.com.tr\/#organization\",\"name\":\"Karyem\",\"url\":\"https:\/\/karyem.com.tr\/\",\"logo\":{\"@type\":\"ImageObject\",\"inLanguage\":\"tr\",\"@id\":\"https:\/\/karyem.com.tr\/#\/schema\/logo\/image\/\",\"url\":\"https:\/\/karyem.com.tr\/wp-content\/uploads\/2025\/02\/cropped-ust.jpg\",\"contentUrl\":\"https:\/\/karyem.com.tr\/wp-content\/uploads\/2025\/02\/cropped-ust.jpg\",\"width\":531,\"height\":100,\"caption\":\"Karyem\"},\"image\":{\"@id\":\"https:\/\/karyem.com.tr\/#\/schema\/logo\/image\/\"}},{\"@type\":\"Person\",\"@id\":\"https:\/\/karyem.com.tr\/#\/schema\/person\/11a0f4cb90af0b1de93ebf9cc0504101\",\"name\":\"admin\",\"image\":{\"@type\":\"ImageObject\",\"inLanguage\":\"tr\",\"@id\":\"https:\/\/karyem.com.tr\/#\/schema\/person\/image\/\",\"url\":\"https:\/\/secure.gravatar.com\/avatar\/040780cfd851f5a33c3c0210ea7f4d85?s=96&d=blank&r=g\",\"contentUrl\":\"https:\/\/secure.gravatar.com\/avatar\/040780cfd851f5a33c3c0210ea7f4d85?s=96&d=blank&r=g\",\"caption\":\"admin\"},\"sameAs\":[\"https:\/\/karyem.com.tr\"],\"url\":\"https:\/\/karyem.com.tr\/index.php\/author\/admin\/\"}]}<\/script>\n<!-- \/ Yoast SEO plugin. -->","yoast_head_json":{"title":"S\u0131\u011f\u0131rlara R\u00fczgar Etkisi","description":"S\u0131\u011f\u0131rlara R\u00fczgar Etkisi, s\u0131\u011f\u0131rlar\u0131n sa\u011fl\u0131\u011f\u0131 \u00fczerinde \u00f6nemli bir etkiye sahip olabilir. So\u011fuk, s\u0131cak, nemli veya r\u00fczgarl\u0131 hava ko\u015fullar\u0131,","robots":{"index":"index","follow":"follow","max-snippet":"max-snippet:-1","max-image-preview":"max-image-preview:large","max-video-preview":"max-video-preview:-1"},"canonical":"https:\/\/karyem.com.tr\/index.php\/2025\/03\/06\/sigirlara-ruzgar-etkisi\/","og_locale":"tr_TR","og_type":"article","og_title":"S\u0131\u011f\u0131rlara R\u00fczgar Etkisi","og_description":"S\u0131\u011f\u0131rlara R\u00fczgar Etkisi, s\u0131\u011f\u0131rlar\u0131n sa\u011fl\u0131\u011f\u0131 \u00fczerinde \u00f6nemli bir etkiye sahip olabilir. So\u011fuk, s\u0131cak, nemli veya r\u00fczgarl\u0131 hava ko\u015fullar\u0131,","og_url":"https:\/\/karyem.com.tr\/index.php\/2025\/03\/06\/sigirlara-ruzgar-etkisi\/","og_site_name":"Karyem","article_published_time":"2025-03-06T07:08:20+00:00","og_image":[{"width":1920,"height":1080,"url":"https:\/\/karyem.com.tr\/wp-content\/uploads\/2025\/03\/ruzgar.jpg","type":"image\/jpeg"}],"author":"admin","twitter_card":"summary_large_image","twitter_misc":{"Yazan:":"admin","Tahmini okuma s\u00fcresi":"5 dakika"},"schema":{"@context":"https:\/\/schema.org","@graph":[{"@type":["Article","BlogPosting"],"@id":"https:\/\/karyem.com.tr\/index.php\/2025\/03\/06\/sigirlara-ruzgar-etkisi\/#article","isPartOf":{"@id":"https:\/\/karyem.com.tr\/index.php\/2025\/03\/06\/sigirlara-ruzgar-etkisi\/"},"author":{"name":"admin","@id":"https:\/\/karyem.com.tr\/#\/schema\/person\/11a0f4cb90af0b1de93ebf9cc0504101"},"headline":"S\u0131\u011f\u0131rlara R\u00fczgar Etkisi","datePublished":"2025-03-06T07:08:20+00:00","mainEntityOfPage":{"@id":"https:\/\/karyem.com.tr\/index.php\/2025\/03\/06\/sigirlara-ruzgar-etkisi\/"},"wordCount":1196,"publisher":{"@id":"https:\/\/karyem.com.tr\/#organization"},"image":{"@id":"https:\/\/karyem.com.tr\/index.php\/2025\/03\/06\/sigirlara-ruzgar-etkisi\/#primaryimage"},"thumbnailUrl":"https:\/\/karyem.com.tr\/wp-content\/uploads\/2025\/03\/ruzgar.jpg","keywords":["bar\u0131nak d\u00fczenlemeleri","bar\u0131nak in\u015fas\u0131.","bar\u0131nak tasar\u0131m\u0131","beslenme y\u00f6netimi","\u00c7evresel Ko\u015fullar","\u00c7iftlik Y\u00f6netimi","dehidratasyon","fiziksel sa\u011fl\u0131k","hava ko\u015fullar\u0131","Havaland\u0131rma","Hayvan sa\u011fl\u0131\u011f\u0131","hayvanlar\u0131n korunmas\u0131","hayvanlar\u0131n su ihtiyac\u0131","hipotermi","Is\u0131 stresi","\u0131s\u0131 d\u00fczenleme","\u0131s\u0131 kayb\u0131","r\u00fczgar bariyerleri","r\u00fczgar korumas\u0131","r\u00fczgar ve beslenme","r\u00fczgar ve s\u0131cakl\u0131k","r\u00fczgar y\u00f6n\u00fc","r\u00fczgar\u0131n davran\u0131\u015fsal etkileri","r\u00fczgar\u0131n etkisi","r\u00fczgar\u0131n fiziksel etkisi","r\u00fczgar\u0131n psikolojik etkileri","r\u00fczgar\u0131n psikolojik etkisi","r\u00fczgar\u0131n s\u0131cak etkisi","r\u00fczgarl\u0131 ko\u015fullar","r\u00fczgarl\u0131 ortamda hayvan bak\u0131m\u0131","serinletme sistemleri","s\u0131cak hava","s\u0131cakl\u0131k y\u00f6netimi","s\u0131\u011f\u0131r bak\u0131m\u0131","S\u0131\u011f\u0131rlara r\u00fczgar etkisi","s\u0131v\u0131 t\u00fcketimi","so\u011fuk hava","sosyal davran\u0131\u015f de\u011fi\u015fiklikleri","stres ve sa\u011fl\u0131k","stres y\u00f6netimi","stresli s\u0131\u011f\u0131rlar"],"articleSection":["Arsiv","Haberler","Manset"],"inLanguage":"tr"},{"@type":"WebPage","@id":"https:\/\/karyem.com.tr\/index.php\/2025\/03\/06\/sigirlara-ruzgar-etkisi\/","url":"https:\/\/karyem.com.tr\/index.php\/2025\/03\/06\/sigirlara-ruzgar-etkisi\/","name":"S\u0131\u011f\u0131rlara R\u00fczgar Etkisi","isPartOf":{"@id":"https:\/\/karyem.com.tr\/#website"},"primaryImageOfPage":{"@id":"https:\/\/karyem.com.tr\/index.php\/2025\/03\/06\/sigirlara-ruzgar-etkisi\/#primaryimage"},"image":{"@id":"https:\/\/karyem.com.tr\/index.php\/2025\/03\/06\/sigirlara-ruzgar-etkisi\/#primaryimage"},"thumbnailUrl":"https:\/\/karyem.com.tr\/wp-content\/uploads\/2025\/03\/ruzgar.jpg","datePublished":"2025-03-06T07:08:20+00:00","description":"S\u0131\u011f\u0131rlara R\u00fczgar Etkisi, s\u0131\u011f\u0131rlar\u0131n sa\u011fl\u0131\u011f\u0131 \u00fczerinde \u00f6nemli bir etkiye sahip olabilir. So\u011fuk, s\u0131cak, nemli veya r\u00fczgarl\u0131 hava ko\u015fullar\u0131,","breadcrumb":{"@id":"https:\/\/karyem.com.tr\/index.php\/2025\/03\/06\/sigirlara-ruzgar-etkisi\/#breadcrumb"},"inLanguage":"tr","potentialAction":[{"@type":"ReadAction","target":["https:\/\/karyem.com.tr\/index.php\/2025\/03\/06\/sigirlara-ruzgar-etkisi\/"]}]},{"@type":"ImageObject","inLanguage":"tr","@id":"https:\/\/karyem.com.tr\/index.php\/2025\/03\/06\/sigirlara-ruzgar-etkisi\/#primaryimage","url":"https:\/\/karyem.com.tr\/wp-content\/uploads\/2025\/03\/ruzgar.jpg","contentUrl":"https:\/\/karyem.com.tr\/wp-content\/uploads\/2025\/03\/ruzgar.jpg","width":1920,"height":1080,"caption":"S\u0131\u011f\u0131rlara R\u00fczgar Etkisi, s\u0131\u011f\u0131rlar\u0131n sa\u011fl\u0131\u011f\u0131 \u00fczerinde \u00f6nemli bir etkiye sahip olabilir. So\u011fuk, s\u0131cak, nemli veya r\u00fczgarl\u0131 hava ko\u015fullar\u0131,"},{"@type":"BreadcrumbList","@id":"https:\/\/karyem.com.tr\/index.php\/2025\/03\/06\/sigirlara-ruzgar-etkisi\/#breadcrumb","itemListElement":[{"@type":"ListItem","position":1,"name":"Anasayfa","item":"https:\/\/karyem.com.tr\/"},{"@type":"ListItem","position":2,"name":"S\u0131\u011f\u0131rlara R\u00fczgar Etkisi"}]},{"@type":"WebSite","@id":"https:\/\/karyem.com.tr\/#website","url":"https:\/\/karyem.com.tr\/","name":"Karyem","description":"Karyem","publisher":{"@id":"https:\/\/karyem.com.tr\/#organization"},"potentialAction":[{"@type":"SearchAction","target":{"@type":"EntryPoint","urlTemplate":"https:\/\/karyem.com.tr\/?s={search_term_string}"},"query-input":{"@type":"PropertyValueSpecification","valueRequired":true,"valueName":"search_term_string"}}],"inLanguage":"tr"},{"@type":"Organization","@id":"https:\/\/karyem.com.tr\/#organization","name":"Karyem","url":"https:\/\/karyem.com.tr\/","logo":{"@type":"ImageObject","inLanguage":"tr","@id":"https:\/\/karyem.com.tr\/#\/schema\/logo\/image\/","url":"https:\/\/karyem.com.tr\/wp-content\/uploads\/2025\/02\/cropped-ust.jpg","contentUrl":"https:\/\/karyem.com.tr\/wp-content\/uploads\/2025\/02\/cropped-ust.jpg","width":531,"height":100,"caption":"Karyem"},"image":{"@id":"https:\/\/karyem.com.tr\/#\/schema\/logo\/image\/"}},{"@type":"Person","@id":"https:\/\/karyem.com.tr\/#\/schema\/person\/11a0f4cb90af0b1de93ebf9cc0504101","name":"admin","image":{"@type":"ImageObject","inLanguage":"tr","@id":"https:\/\/karyem.com.tr\/#\/schema\/person\/image\/","url":"https:\/\/secure.gravatar.com\/avatar\/040780cfd851f5a33c3c0210ea7f4d85?s=96&d=blank&r=g","contentUrl":"https:\/\/secure.gravatar.com\/avatar\/040780cfd851f5a33c3c0210ea7f4d85?s=96&d=blank&r=g","caption":"admin"},"sameAs":["https:\/\/karyem.com.tr"],"url":"https:\/\/karyem.com.tr\/index.php\/author\/admin\/"}]}},"jetpack_featured_media_url":"https:\/\/karyem.com.tr\/wp-content\/uploads\/2025\/03\/ruzgar.jpg","jetpack_sharing_enabled":true,"_links":{"self":[{"href":"https:\/\/karyem.com.tr\/index.php\/wp-json\/wp\/v2\/posts\/1742","targetHints":{"allow":["GET"]}}],"collection":[{"href":"https:\/\/karyem.com.tr\/index.php\/wp-json\/wp\/v2\/posts"}],"about":[{"href":"https:\/\/karyem.com.tr\/index.php\/wp-json\/wp\/v2\/types\/post"}],"author":[{"embeddable":true,"href":"https:\/\/karyem.com.tr\/index.php\/wp-json\/wp\/v2\/users\/1"}],"replies":[{"embeddable":true,"href":"https:\/\/karyem.com.tr\/index.php\/wp-json\/wp\/v2\/comments?post=1742"}],"version-history":[{"count":1,"href":"https:\/\/karyem.com.tr\/index.php\/wp-json\/wp\/v2\/posts\/1742\/revisions"}],"predecessor-version":[{"id":1744,"href":"https:\/\/karyem.com.tr\/index.php\/wp-json\/wp\/v2\/posts\/1742\/revisions\/1744"}],"wp:featuredmedia":[{"embeddable":true,"href":"https:\/\/karyem.com.tr\/index.php\/wp-json\/wp\/v2\/media\/1743"}],"wp:attachment":[{"href":"https:\/\/karyem.com.tr\/index.php\/wp-json\/wp\/v2\/media?parent=1742"}],"wp:term":[{"taxonomy":"category","embeddable":true,"href":"https:\/\/karyem.com.tr\/index.php\/wp-json\/wp\/v2\/categories?post=1742"},{"taxonomy":"post_tag","embeddable":true,"href":"https:\/\/karyem.com.tr\/index.php\/wp-json\/wp\/v2\/tags?post=1742"}],"curies":[{"name":"wp","href":"https:\/\/api.w.org\/{rel}","templated":true}]}}