{"id":1765,"date":"2025-03-10T07:04:34","date_gmt":"2025-03-10T07:04:34","guid":{"rendered":"https:\/\/karyem.com.tr\/?p=1765"},"modified":"2025-03-10T07:04:34","modified_gmt":"2025-03-10T07:04:34","slug":"sigirlarin-su-ihtiyaci","status":"publish","type":"post","link":"https:\/\/karyem.com.tr\/index.php\/2025\/03\/10\/sigirlarin-su-ihtiyaci\/","title":{"rendered":"S\u0131\u011f\u0131rlar\u0131n su ihtiyac\u0131"},"content":{"rendered":"<div class=\"flex max-w-full flex-col flex-grow\">\n<div class=\"min-h-8 text-message relative flex w-full flex-col items-end gap-2 whitespace-normal break-words text-start [.text-message+&amp;]:mt-5\" dir=\"auto\" data-message-author-role=\"assistant\" data-message-id=\"102f81b4-9f10-402c-affb-a407aa953ca4\" data-message-model-slug=\"gpt-4o\">\n<div class=\"flex w-full flex-col gap-1 empty:hidden first:pt-[3px]\">\n<div class=\"markdown prose w-full break-words dark:prose-invert light\">\n<p data-start=\"63\" data-end=\"565\">S\u0131\u011f\u0131rlar\u0131n su ihtiyac\u0131, hayvan sa\u011fl\u0131\u011f\u0131, verimlilik ve tar\u0131msal \u00fcretim a\u00e7\u0131s\u0131ndan son derece \u00f6nemli bir fakt\u00f6rd\u00fcr. Su, s\u0131\u011f\u0131rlar\u0131n ya\u015fam\u0131n\u0131 s\u00fcrd\u00fcrebilmesi, b\u00fcy\u00fcyebilmesi, s\u00fct \u00fcretimi yapabilmesi ve \u00fcreme sa\u011fl\u0131\u011f\u0131n\u0131 koruyabilmesi i\u00e7in temel bir ihtiya\u00e7t\u0131r. S\u0131\u011f\u0131rlar\u0131n su t\u00fcketimi, \u00e7e\u015fitli fakt\u00f6rlere ba\u011fl\u0131 olarak de\u011fi\u015fkenlik g\u00f6sterir. Bu yaz\u0131da, s\u0131\u011f\u0131rlar\u0131n su ihtiyac\u0131 \u00fczerinde etkili olan ba\u015fl\u0131ca unsurlar\u0131, suyun hayvan sa\u011fl\u0131\u011f\u0131na etkilerini ve su y\u00f6netiminin \u00f6nemi \u00fczerinde detayl\u0131 bir inceleme yapaca\u011f\u0131z.<\/p>\n<h3 data-start=\"567\" data-end=\"620\">1. <strong data-start=\"574\" data-end=\"620\">S\u0131\u011f\u0131rlar\u0131n Su T\u00fcketiminin Temel Fakt\u00f6rleri<\/strong><\/h3>\n<p data-start=\"622\" data-end=\"846\">S\u0131\u011f\u0131rlar\u0131n su ihtiyac\u0131, bir dizi fakt\u00f6r taraf\u0131ndan etkilenir. Bu fakt\u00f6rler, hayvan\u0131n t\u00fcr\u00fc, ya\u015f\u0131, cinsiyeti, b\u00fcy\u00fckl\u00fc\u011f\u00fc, faaliyet seviyesi, \u00e7evresel ko\u015fullar ve yem t\u00fcr\u00fcd\u00fcr. A\u015fa\u011f\u0131da, bu fakt\u00f6rleri daha ayr\u0131nt\u0131l\u0131 inceleyece\u011fiz.<\/p>\n<h4 data-start=\"848\" data-end=\"881\">a. <strong data-start=\"856\" data-end=\"881\">Ya\u015f ve Geli\u015fim D\u00f6nemi<\/strong><\/h4>\n<ul data-start=\"882\" data-end=\"1372\">\n<li data-start=\"882\" data-end=\"1210\"><strong data-start=\"884\" data-end=\"929\">Gen\u00e7 S\u0131\u011f\u0131rlar (Buza\u011f\u0131lar ve Gen\u00e7 \u0130nekler)<\/strong>: Buza\u011f\u0131lar\u0131n ve gen\u00e7 ineklerin su ihtiyac\u0131, yeti\u015fkin s\u0131\u011f\u0131rlara g\u00f6re daha d\u00fc\u015f\u00fckt\u00fcr. Ancak b\u00fcy\u00fcme d\u00f6nemi boyunca v\u00fccutlar\u0131 h\u0131zla geli\u015fir ve bu da su t\u00fcketimlerinin artmas\u0131na neden olabilir. Gen\u00e7 ineklerin \u00f6zellikle kuru yemleri sindirebilmeleri i\u00e7in yeterli suya ihtiya\u00e7lar\u0131 vard\u0131r.<\/li>\n<li data-start=\"1211\" data-end=\"1372\"><strong data-start=\"1213\" data-end=\"1234\">Yeti\u015fkin S\u0131\u011f\u0131rlar<\/strong>: Ortalama olarak bir yeti\u015fkin s\u0131\u011f\u0131r, g\u00fcnde 30-50 litre su t\u00fcketebilir. Ancak, s\u00fct \u00fcretimi gibi di\u011fer fakt\u00f6rler su ihtiyac\u0131n\u0131 art\u0131rabilir.<\/li>\n<\/ul>\n<h4 data-start=\"1374\" data-end=\"1397\">b. <strong data-start=\"1382\" data-end=\"1397\">S\u00fct \u00dcretimi<\/strong><\/h4>\n<p data-start=\"1398\" data-end=\"1719\">S\u00fct veren inekler, v\u00fccutlar\u0131n\u0131n daha fazla s\u0131v\u0131 kaybetmesine neden olan y\u00fcksek su ihtiyac\u0131na sahiptir. Y\u00fcksek s\u00fct verimi olan inekler, her litre s\u00fct i\u00e7in yakla\u015f\u0131k 4-5 litre suya ihtiya\u00e7 duyar. S\u00fct verimi artt\u0131k\u00e7a, su ihtiyac\u0131 da paralel olarak artar. \u00d6rne\u011fin, g\u00fcnde 30 litre s\u00fct veren bir inek, 150-200 litre su i\u00e7ebilir.<\/p>\n<h4 data-start=\"1721\" data-end=\"1750\">c. <strong data-start=\"1729\" data-end=\"1750\">\u00c7evresel Ko\u015fullar<\/strong><\/h4>\n<ul data-start=\"1751\" data-end=\"2412\">\n<li data-start=\"1751\" data-end=\"2117\"><strong data-start=\"1753\" data-end=\"1772\">S\u0131cakl\u0131k ve Nem<\/strong>: S\u0131cakl\u0131k ve nem oran\u0131, s\u0131\u011f\u0131rlar\u0131n su ihtiyac\u0131n\u0131 do\u011frudan etkiler. S\u0131cak yaz aylar\u0131nda, \u00f6zellikle 30\u00b0C&#8217;nin \u00fczerindeki s\u0131cakl\u0131klar alt\u0131nda, s\u0131\u011f\u0131rlar\u0131n su ihtiyac\u0131 belirgin bir \u015fekilde artar. Y\u00fcksek s\u0131cakl\u0131klar, s\u0131\u011f\u0131rlar\u0131n terlemesine ve solunum yollar\u0131ndan su kaybetmelerine neden olur. Bu kayb\u0131 telafi etmek i\u00e7in daha fazla su i\u00e7meleri gerekir.<\/li>\n<li data-start=\"2118\" data-end=\"2412\"><strong data-start=\"2120\" data-end=\"2137\">K\u0131\u015f Ko\u015fullar\u0131<\/strong>: So\u011fuk havalarda su ihtiyac\u0131 daha d\u00fc\u015f\u00fck olabilir, ancak suyun donmamas\u0131 ve s\u0131\u011f\u0131rlar\u0131n her zaman temiz, taze suya eri\u015febilmesi sa\u011flanmal\u0131d\u0131r. Ayr\u0131ca, hayvanlar\u0131n v\u00fccut \u0131s\u0131s\u0131n\u0131 korumak i\u00e7in daha fazla enerji t\u00fcketmeleri gerekebilir, bu da dolayl\u0131 olarak su ihtiyac\u0131n\u0131 etkiler.<\/li>\n<\/ul>\n<h4 data-start=\"2414\" data-end=\"2445\">d. <strong data-start=\"2422\" data-end=\"2445\">Yem T\u00fcr\u00fc ve \u0130\u00e7eri\u011fi<\/strong><\/h4>\n<ul data-start=\"2446\" data-end=\"2941\">\n<li data-start=\"2446\" data-end=\"2689\"><strong data-start=\"2448\" data-end=\"2463\">Kuru Yemler<\/strong>: Kuru yemler (\u00f6rne\u011fin saman ve kuru otlar) genellikle y\u00fcksek oranda su i\u00e7ermedi\u011fi i\u00e7in, bu t\u00fcr yemlerle beslenen s\u0131\u011f\u0131rlar daha fazla su t\u00fcketir. Kuru yemlerin sindirilmesi, hayvan\u0131n daha fazla suya ihtiya\u00e7 duymas\u0131na yol a\u00e7ar.<\/li>\n<li data-start=\"2690\" data-end=\"2941\"><strong data-start=\"2692\" data-end=\"2707\">Sulu Yemler<\/strong>: Ye\u015fil otlar gibi y\u00fcksek su i\u00e7eri\u011fine sahip yemler ise s\u0131\u011f\u0131rlar\u0131n su ihtiyac\u0131n\u0131 k\u0131smen kar\u015f\u0131layabilir, bu nedenle su t\u00fcketimi azalabilir. Ancak bu yemlerin miktar\u0131 ve kalitesi, s\u0131\u011f\u0131rlar\u0131n su ihtiyac\u0131n\u0131 etkileyecek di\u011fer fakt\u00f6rlerdir.<\/li>\n<\/ul>\n<h4 data-start=\"2943\" data-end=\"2972\">e. <strong data-start=\"2951\" data-end=\"2972\">Fiziksel Aktivite<\/strong><\/h4>\n<p data-start=\"2973\" data-end=\"3263\">S\u0131\u011f\u0131rlar\u0131n hareketlili\u011fi ve \u00e7al\u0131\u015fma d\u00fczeyi de su ihtiya\u00e7lar\u0131n\u0131 etkileyebilir. \u00d6zellikle \u00e7iftliklerde \u00e7al\u0131\u015ft\u0131r\u0131lan s\u0131\u011f\u0131rlar veya daha fazla egzersiz yapan inekler, daha fazla suya ihtiya\u00e7 duyarlar. Ayn\u0131 \u015fekilde, do\u011fum yapan veya hastal\u0131kl\u0131 olan s\u0131\u011f\u0131rlar\u0131n suya olan gereksinimleri artabilir.<\/p>\n<h3 data-start=\"3265\" data-end=\"3332\">2. <strong data-start=\"3272\" data-end=\"3332\">S\u0131\u011f\u0131rlar\u0131n Su T\u00fcketiminin Fiziksel ve Biyolojik Etkileri<\/strong><\/h3>\n<p data-start=\"3334\" data-end=\"3544\">Su, s\u0131\u011f\u0131rlar\u0131n ya\u015fam s\u00fcre\u00e7lerinin temel bir bile\u015fenidir ve hayvanlar\u0131n sa\u011fl\u0131kl\u0131 bir \u015fekilde ya\u015famlar\u0131n\u0131 s\u00fcrd\u00fcrebilmeleri i\u00e7in gereklidir. Su t\u00fcketiminin s\u0131\u011f\u0131rlar\u0131n biyolojik i\u015flevlerine olan etkileri \u015funlard\u0131r:<\/p>\n<h4 data-start=\"3546\" data-end=\"3578\">a. <strong data-start=\"3554\" data-end=\"3578\">Sindirim ve Beslenme<\/strong><\/h4>\n<p data-start=\"3579\" data-end=\"3993\">Su, sindirim sisteminin d\u00fczg\u00fcn \u00e7al\u0131\u015fmas\u0131 i\u00e7in kritik bir rol oynar. Su, midenin ve ba\u011f\u0131rsaklar\u0131n d\u00fczg\u00fcn \u00e7al\u0131\u015fmas\u0131na yard\u0131mc\u0131 olur, yiyeceklerin sindirilmesine ve besin maddelerinin emilmesine olanak sa\u011flar. Ayr\u0131ca su, ba\u011f\u0131rsak hareketlerini d\u00fczenler ve sindirim sorunlar\u0131n\u0131 engeller. Yetersiz su al\u0131m\u0131, s\u0131\u011f\u0131rlar\u0131n yemden yeterince faydalanamamas\u0131na, sindirim sorunlar\u0131na ve beslenme yetersizliklerine yol a\u00e7abilir.<\/p>\n<h4 data-start=\"3995\" data-end=\"4037\">b. <strong data-start=\"4003\" data-end=\"4037\">V\u00fccut Is\u0131s\u0131 ve Termoreg\u00fclasyon<\/strong><\/h4>\n<p data-start=\"4038\" data-end=\"4380\">S\u0131\u011f\u0131rlar, \u00e7evre ko\u015fullar\u0131na ba\u011fl\u0131 olarak v\u00fccut s\u0131cakl\u0131klar\u0131n\u0131 dengelemek i\u00e7in su kullan\u0131rlar. \u00d6zellikle s\u0131cak havalarda, su buharla\u015farak v\u00fccut \u0131s\u0131s\u0131n\u0131 d\u00fc\u015f\u00fcrmeye yard\u0131mc\u0131 olur. Bu mekanizma, v\u00fccut \u0131s\u0131s\u0131n\u0131n y\u00fckselmesini \u00f6nler. Su kayb\u0131, s\u0131v\u0131 dengesizliklerine yol a\u00e7arak dehidrasyona neden olabilir, bu da v\u00fccut \u0131s\u0131s\u0131n\u0131n kontrol\u00fcn\u00fc zorla\u015ft\u0131r\u0131r.<\/p>\n<h4 data-start=\"4382\" data-end=\"4405\">c. <strong data-start=\"4390\" data-end=\"4405\">S\u00fct \u00dcretimi<\/strong><\/h4>\n<p data-start=\"4406\" data-end=\"4777\">S\u00fct \u00fcretimi, s\u0131\u011f\u0131rlar\u0131n suya olan ihtiyac\u0131n\u0131 en fazla etkileyen fakt\u00f6rlerden biridir. S\u00fct \u00fcretimi s\u0131ras\u0131nda v\u00fccut, suyu kaybeder ve bu kayb\u0131 telafi etmek i\u00e7in daha fazla suya ihtiya\u00e7 duyar. Yetersiz su al\u0131m\u0131, s\u00fct veriminin azalmas\u0131na neden olabilir. Ayr\u0131ca, suyun kalitesi de s\u00fct verimi \u00fczerinde do\u011frudan etkilidir; kirli su, s\u00fct\u00fcn kalitesini olumsuz y\u00f6nde etkileyebilir.<\/p>\n<h4 data-start=\"4779\" data-end=\"4814\">d. <strong data-start=\"4787\" data-end=\"4814\">B\u00fcy\u00fcme ve Reproduksiyon<\/strong><\/h4>\n<p data-start=\"4815\" data-end=\"5117\">Gen\u00e7 s\u0131\u011f\u0131rlar i\u00e7in su, b\u00fcy\u00fcme ve geli\u015fme s\u00fcrecinde hayati \u00f6nem ta\u015f\u0131r. Su, h\u00fccre b\u00f6l\u00fcnmesi, protein sentezi ve di\u011fer metabolik s\u00fcre\u00e7ler i\u00e7in gereklidir. Ayr\u0131ca, \u00fcreme sa\u011fl\u0131\u011f\u0131 da suya ba\u011fl\u0131d\u0131r. Yetersiz su al\u0131m\u0131, \u00fcreme d\u00f6ng\u00fcs\u00fcn\u00fc bozabilir, bu da d\u00fc\u015f\u00fck do\u011fum oranlar\u0131 ve \u00fcreme verimsizli\u011fine yol a\u00e7abilir.<\/p>\n<h3 data-start=\"5119\" data-end=\"5176\">3. <strong data-start=\"5126\" data-end=\"5176\">Su T\u00fcketiminin Y\u00f6netimi ve Tar\u0131msal Verimlilik<\/strong><\/h3>\n<p data-start=\"5178\" data-end=\"5375\">S\u0131\u011f\u0131rlar\u0131n su ihtiyac\u0131n\u0131 do\u011fru bir \u015fekilde y\u00f6netmek, hayvan sa\u011fl\u0131\u011f\u0131n\u0131 iyile\u015ftirmek ve tar\u0131msal verimlili\u011fi art\u0131rmak i\u00e7in \u00e7ok \u00f6nemlidir. Etkili bir su y\u00f6netimi, a\u015fa\u011f\u0131daki stratejilerle sa\u011flanabilir:<\/p>\n<h4 data-start=\"5377\" data-end=\"5424\">a. <strong data-start=\"5385\" data-end=\"5424\">S\u00fcrekli Temiz ve Taze Su Sa\u011flanmas\u0131<\/strong><\/h4>\n<p data-start=\"5425\" data-end=\"5645\">S\u0131\u011f\u0131rlar\u0131n her zaman temiz ve taze suya eri\u015fimi olmal\u0131d\u0131r. Su kaynaklar\u0131 d\u00fczenli olarak temizlenmeli ve suyun kalitesi kontrol edilmelidir. Kirli su, hastal\u0131klar\u0131n yay\u0131lmas\u0131na ve s\u00fct kalitesinin d\u00fc\u015fmesine neden olabilir.<\/p>\n<h4 data-start=\"5647\" data-end=\"5700\">b. <strong data-start=\"5655\" data-end=\"5700\">Su \u0130htiyac\u0131na Uygun Su Da\u011f\u0131t\u0131m Sistemleri<\/strong><\/h4>\n<p data-start=\"5701\" data-end=\"5905\">Su kaynaklar\u0131, s\u0131\u011f\u0131rlar\u0131n rahat\u00e7a eri\u015febilece\u011fi \u015fekilde d\u00fczenlenmelidir. Ayr\u0131ca, suya eri\u015fim noktalar\u0131n\u0131n say\u0131s\u0131 artt\u0131r\u0131larak, \u00f6zellikle b\u00fcy\u00fck \u00e7iftliklerde suyun e\u015fit bir \u015fekilde da\u011f\u0131t\u0131lmas\u0131 sa\u011flanabilir.<\/p>\n<h4 data-start=\"5907\" data-end=\"5947\">c. <strong data-start=\"5915\" data-end=\"5947\">\u00c7evresel Etkilerin \u0130zlenmesi<\/strong><\/h4>\n<p data-start=\"5948\" data-end=\"6193\">\u00c7iftliklerdeki s\u0131cakl\u0131k ve nem seviyeleri d\u00fczenli olarak izlenmeli ve hayvanlar\u0131n su ihtiyac\u0131 bu verilere g\u00f6re ayarlanmal\u0131d\u0131r. S\u0131cak yaz g\u00fcnlerinde, hayvanlar\u0131n serinlemesi i\u00e7in suyun yan\u0131 s\u0131ra g\u00f6lgeleme ve havaland\u0131rma \u00f6nlemleri de al\u0131nmal\u0131d\u0131r.<\/p>\n<h4 data-start=\"6195\" data-end=\"6246\">d. <strong data-start=\"6203\" data-end=\"6246\">Su T\u00fcketimindeki De\u011fi\u015fimlerin \u0130zlenmesi<\/strong><\/h4>\n<p data-start=\"6247\" data-end=\"6466\">S\u0131\u011f\u0131rlar\u0131n su t\u00fcketimi d\u00fczenli olarak izlenmeli ve ani de\u011fi\u015fiklikler dikkate al\u0131nmal\u0131d\u0131r. Su t\u00fcketimindeki anormal d\u00fc\u015f\u00fc\u015f, bir sa\u011fl\u0131k sorununun belirtisi olabilir. Bu nedenle, su t\u00fcketimi g\u00fcnl\u00fck olarak takip edilmelidir.<\/p>\n<h3 data-start=\"6468\" data-end=\"6484\">4. <strong data-start=\"6475\" data-end=\"6484\">Sonu\u00e7<\/strong><\/h3>\n<p data-start=\"6486\" data-end=\"6900\" data-is-last-node=\"\" data-is-only-node=\"\">S\u0131\u011f\u0131rlar\u0131n su ihtiyac\u0131, \u00e7iftlik y\u00f6netiminin en \u00f6nemli unsurlar\u0131ndan biridir ve suyun y\u00f6netilmesi, hem hayvan sa\u011fl\u0131\u011f\u0131n\u0131 hem de \u00fcretim verimlili\u011fini do\u011frudan etkiler. Su, sadece hayvanlar\u0131n hayatta kalmas\u0131n\u0131 sa\u011flamakla kalmaz, ayn\u0131 zamanda verimlili\u011fi, b\u00fcy\u00fcmeyi ve \u00fcremeyi de destekler. Bu nedenle, s\u0131\u011f\u0131rlar\u0131n su ihtiyac\u0131n\u0131 do\u011fru bir \u015fekilde anlamak ve y\u00f6netmek, ba\u015far\u0131l\u0131 bir tar\u0131m i\u015fletmesinin temel ta\u015flar\u0131ndand\u0131r.<\/p>\n<\/div>\n<\/div>\n<\/div>\n<\/div>\n<div class=\"mb-2 flex gap-3 -ml-2\" tabindex=\"0\">\n<div class=\"flex items-center justify-start rounded-xl p-1\">\n<div class=\"flex items-center\"><\/div>\n<\/div>\n<\/div>\n","protected":false},"excerpt":{"rendered":"<p>S\u0131\u011f\u0131rlar\u0131n su ihtiyac\u0131, hayvan sa\u011fl\u0131\u011f\u0131, verimlilik ve tar\u0131msal \u00fcretim a\u00e7\u0131s\u0131ndan son derece \u00f6nemli bir fakt\u00f6rd\u00fcr. Su, s\u0131\u011f\u0131rlar\u0131n ya\u015fam\u0131n\u0131 s\u00fcrd\u00fcrebilmesi, b\u00fcy\u00fcyebilmesi, s\u00fct \u00fcretimi yapabilmesi ve \u00fcreme sa\u011fl\u0131\u011f\u0131n\u0131 koruyabilmesi i\u00e7in temel bir&hellip;<\/p>\n","protected":false},"author":1,"featured_media":1766,"comment_status":"closed","ping_status":"open","sticky":false,"template":"","format":"standard","meta":{"_jetpack_memberships_contains_paid_content":false,"footnotes":""},"categories":[2301,3,1243],"tags":[2819,2823,2821,2820,2816,1098,2812,2818,2822,2825,2824,2332,2814,430,2813,2817,2815],"class_list":["post-1765","post","type-post","status-publish","format-standard","has-post-thumbnail","hentry","category-arsiv","category-hbr","category-manset","tag-buyume-ve-su","tag-ciftlik-su-kaynaklari","tag-dehidrasyon-ve-sut-verimi","tag-reproduksiyon-ve-su-ihtiyaci","tag-sicaklik-ve-nemin-su-ihtiyacina-etkisi","tag-sigir-sagligi","tag-sigir-su-tuketimi","tag-sigirlarin-su-icme-aliskanliklari","tag-sigirlarin-suya-erisimi","tag-sigirlarin-suya-olan-bagimliligi","tag-su-kalitesi-ve-sut","tag-su-tuketimi-takibi","tag-su-tuketimini-etkileyen-faktorler","tag-su-yonetimi","tag-sut-verimi-ve-su-ihtiyaci","tag-yem-turleri-ve-su-ihtiyaci","tag-yetiskin-sigir-su-ihtiyaci"],"yoast_head":"<!-- This site is optimized with the Yoast SEO plugin v26.8 - https:\/\/yoast.com\/product\/yoast-seo-wordpress\/ -->\n<title>S\u0131\u011f\u0131rlar\u0131n su ihtiyac\u0131<\/title>\n<meta name=\"description\" content=\"S\u0131\u011f\u0131rlar\u0131n su ihtiyac\u0131, \u00e7iftlik y\u00f6netiminin en \u00f6nemli unsurlar\u0131ndan biridir ve suyun y\u00f6netilmesi, hem hayvan sa\u011fl\u0131\u011f\u0131n\u0131 hem de \u00fcretim\" \/>\n<meta name=\"robots\" content=\"index, follow, max-snippet:-1, max-image-preview:large, max-video-preview:-1\" \/>\n<link rel=\"canonical\" href=\"https:\/\/karyem.com.tr\/index.php\/2025\/03\/10\/sigirlarin-su-ihtiyaci\/\" \/>\n<meta property=\"og:locale\" content=\"tr_TR\" \/>\n<meta property=\"og:type\" content=\"article\" \/>\n<meta property=\"og:title\" content=\"S\u0131\u011f\u0131rlar\u0131n su ihtiyac\u0131\" \/>\n<meta property=\"og:description\" content=\"S\u0131\u011f\u0131rlar\u0131n su ihtiyac\u0131, \u00e7iftlik y\u00f6netiminin en \u00f6nemli unsurlar\u0131ndan biridir ve suyun y\u00f6netilmesi, hem hayvan sa\u011fl\u0131\u011f\u0131n\u0131 hem de \u00fcretim\" \/>\n<meta property=\"og:url\" content=\"https:\/\/karyem.com.tr\/index.php\/2025\/03\/10\/sigirlarin-su-ihtiyaci\/\" \/>\n<meta property=\"og:site_name\" content=\"Karyem\" \/>\n<meta property=\"article:published_time\" content=\"2025-03-10T07:04:34+00:00\" \/>\n<meta property=\"og:image\" content=\"https:\/\/karyem.com.tr\/wp-content\/uploads\/2025\/03\/besi-tuz-1.jpg\" \/>\n\t<meta property=\"og:image:width\" content=\"1920\" \/>\n\t<meta property=\"og:image:height\" content=\"1080\" \/>\n\t<meta property=\"og:image:type\" content=\"image\/jpeg\" \/>\n<meta name=\"author\" content=\"admin\" \/>\n<meta name=\"twitter:card\" content=\"summary_large_image\" \/>\n<meta name=\"twitter:label1\" content=\"Yazan:\" \/>\n\t<meta name=\"twitter:data1\" content=\"admin\" \/>\n\t<meta name=\"twitter:label2\" content=\"Tahmini okuma s\u00fcresi\" \/>\n\t<meta name=\"twitter:data2\" content=\"6 dakika\" \/>\n<script type=\"application\/ld+json\" class=\"yoast-schema-graph\">{\"@context\":\"https:\/\/schema.org\",\"@graph\":[{\"@type\":[\"Article\",\"BlogPosting\"],\"@id\":\"https:\/\/karyem.com.tr\/index.php\/2025\/03\/10\/sigirlarin-su-ihtiyaci\/#article\",\"isPartOf\":{\"@id\":\"https:\/\/karyem.com.tr\/index.php\/2025\/03\/10\/sigirlarin-su-ihtiyaci\/\"},\"author\":{\"name\":\"admin\",\"@id\":\"https:\/\/karyem.com.tr\/#\/schema\/person\/11a0f4cb90af0b1de93ebf9cc0504101\"},\"headline\":\"S\u0131\u011f\u0131rlar\u0131n su ihtiyac\u0131\",\"datePublished\":\"2025-03-10T07:04:34+00:00\",\"mainEntityOfPage\":{\"@id\":\"https:\/\/karyem.com.tr\/index.php\/2025\/03\/10\/sigirlarin-su-ihtiyaci\/\"},\"wordCount\":1321,\"publisher\":{\"@id\":\"https:\/\/karyem.com.tr\/#organization\"},\"image\":{\"@id\":\"https:\/\/karyem.com.tr\/index.php\/2025\/03\/10\/sigirlarin-su-ihtiyaci\/#primaryimage\"},\"thumbnailUrl\":\"https:\/\/karyem.com.tr\/wp-content\/uploads\/2025\/03\/besi-tuz-1.jpg\",\"keywords\":[\"b\u00fcy\u00fcme ve su\",\"\u00e7iftlik su kaynaklar\u0131\",\"dehidrasyon ve s\u00fct verimi\",\"reprod\u00fcksiyon ve su ihtiyac\u0131\",\"s\u0131cakl\u0131k ve nemin su ihtiyac\u0131na etkisi\",\"S\u0131\u011f\u0131r sa\u011fl\u0131\u011f\u0131\",\"S\u0131\u011f\u0131r su t\u00fcketimi\",\"s\u0131\u011f\u0131rlar\u0131n su i\u00e7me al\u0131\u015fkanl\u0131klar\u0131\",\"s\u0131\u011f\u0131rlar\u0131n suya eri\u015fimi\",\"s\u0131\u011f\u0131rlar\u0131n suya olan ba\u011f\u0131ml\u0131l\u0131\u011f\u0131\",\"su kalitesi ve s\u00fct\",\"Su t\u00fcketimi takibi\",\"su t\u00fcketimini etkileyen fakt\u00f6rler\",\"su y\u00f6netimi\",\"s\u00fct verimi ve su ihtiyac\u0131\",\"yem t\u00fcrleri ve su ihtiyac\u0131\",\"yeti\u015fkin s\u0131\u011f\u0131r su ihtiyac\u0131\"],\"articleSection\":[\"Arsiv\",\"Haberler\",\"Manset\"],\"inLanguage\":\"tr\"},{\"@type\":\"WebPage\",\"@id\":\"https:\/\/karyem.com.tr\/index.php\/2025\/03\/10\/sigirlarin-su-ihtiyaci\/\",\"url\":\"https:\/\/karyem.com.tr\/index.php\/2025\/03\/10\/sigirlarin-su-ihtiyaci\/\",\"name\":\"S\u0131\u011f\u0131rlar\u0131n su ihtiyac\u0131\",\"isPartOf\":{\"@id\":\"https:\/\/karyem.com.tr\/#website\"},\"primaryImageOfPage\":{\"@id\":\"https:\/\/karyem.com.tr\/index.php\/2025\/03\/10\/sigirlarin-su-ihtiyaci\/#primaryimage\"},\"image\":{\"@id\":\"https:\/\/karyem.com.tr\/index.php\/2025\/03\/10\/sigirlarin-su-ihtiyaci\/#primaryimage\"},\"thumbnailUrl\":\"https:\/\/karyem.com.tr\/wp-content\/uploads\/2025\/03\/besi-tuz-1.jpg\",\"datePublished\":\"2025-03-10T07:04:34+00:00\",\"description\":\"S\u0131\u011f\u0131rlar\u0131n su ihtiyac\u0131, \u00e7iftlik y\u00f6netiminin en \u00f6nemli unsurlar\u0131ndan biridir ve suyun y\u00f6netilmesi, hem hayvan sa\u011fl\u0131\u011f\u0131n\u0131 hem de \u00fcretim\",\"breadcrumb\":{\"@id\":\"https:\/\/karyem.com.tr\/index.php\/2025\/03\/10\/sigirlarin-su-ihtiyaci\/#breadcrumb\"},\"inLanguage\":\"tr\",\"potentialAction\":[{\"@type\":\"ReadAction\",\"target\":[\"https:\/\/karyem.com.tr\/index.php\/2025\/03\/10\/sigirlarin-su-ihtiyaci\/\"]}]},{\"@type\":\"ImageObject\",\"inLanguage\":\"tr\",\"@id\":\"https:\/\/karyem.com.tr\/index.php\/2025\/03\/10\/sigirlarin-su-ihtiyaci\/#primaryimage\",\"url\":\"https:\/\/karyem.com.tr\/wp-content\/uploads\/2025\/03\/besi-tuz-1.jpg\",\"contentUrl\":\"https:\/\/karyem.com.tr\/wp-content\/uploads\/2025\/03\/besi-tuz-1.jpg\",\"width\":1920,\"height\":1080,\"caption\":\"S\u0131\u011f\u0131rlar\u0131n su ihtiyac\u0131, \u00e7iftlik y\u00f6netiminin en \u00f6nemli unsurlar\u0131ndan biridir ve suyun y\u00f6netilmesi, hem hayvan sa\u011fl\u0131\u011f\u0131n\u0131 hem de \u00fcretim\"},{\"@type\":\"BreadcrumbList\",\"@id\":\"https:\/\/karyem.com.tr\/index.php\/2025\/03\/10\/sigirlarin-su-ihtiyaci\/#breadcrumb\",\"itemListElement\":[{\"@type\":\"ListItem\",\"position\":1,\"name\":\"Anasayfa\",\"item\":\"https:\/\/karyem.com.tr\/\"},{\"@type\":\"ListItem\",\"position\":2,\"name\":\"S\u0131\u011f\u0131rlar\u0131n su ihtiyac\u0131\"}]},{\"@type\":\"WebSite\",\"@id\":\"https:\/\/karyem.com.tr\/#website\",\"url\":\"https:\/\/karyem.com.tr\/\",\"name\":\"Karyem\",\"description\":\"Karyem\",\"publisher\":{\"@id\":\"https:\/\/karyem.com.tr\/#organization\"},\"potentialAction\":[{\"@type\":\"SearchAction\",\"target\":{\"@type\":\"EntryPoint\",\"urlTemplate\":\"https:\/\/karyem.com.tr\/?s={search_term_string}\"},\"query-input\":{\"@type\":\"PropertyValueSpecification\",\"valueRequired\":true,\"valueName\":\"search_term_string\"}}],\"inLanguage\":\"tr\"},{\"@type\":\"Organization\",\"@id\":\"https:\/\/karyem.com.tr\/#organization\",\"name\":\"Karyem\",\"url\":\"https:\/\/karyem.com.tr\/\",\"logo\":{\"@type\":\"ImageObject\",\"inLanguage\":\"tr\",\"@id\":\"https:\/\/karyem.com.tr\/#\/schema\/logo\/image\/\",\"url\":\"https:\/\/karyem.com.tr\/wp-content\/uploads\/2025\/02\/cropped-ust.jpg\",\"contentUrl\":\"https:\/\/karyem.com.tr\/wp-content\/uploads\/2025\/02\/cropped-ust.jpg\",\"width\":531,\"height\":100,\"caption\":\"Karyem\"},\"image\":{\"@id\":\"https:\/\/karyem.com.tr\/#\/schema\/logo\/image\/\"}},{\"@type\":\"Person\",\"@id\":\"https:\/\/karyem.com.tr\/#\/schema\/person\/11a0f4cb90af0b1de93ebf9cc0504101\",\"name\":\"admin\",\"image\":{\"@type\":\"ImageObject\",\"inLanguage\":\"tr\",\"@id\":\"https:\/\/karyem.com.tr\/#\/schema\/person\/image\/\",\"url\":\"https:\/\/secure.gravatar.com\/avatar\/040780cfd851f5a33c3c0210ea7f4d85?s=96&d=blank&r=g\",\"contentUrl\":\"https:\/\/secure.gravatar.com\/avatar\/040780cfd851f5a33c3c0210ea7f4d85?s=96&d=blank&r=g\",\"caption\":\"admin\"},\"sameAs\":[\"https:\/\/karyem.com.tr\"],\"url\":\"https:\/\/karyem.com.tr\/index.php\/author\/admin\/\"}]}<\/script>\n<!-- \/ Yoast SEO plugin. -->","yoast_head_json":{"title":"S\u0131\u011f\u0131rlar\u0131n su ihtiyac\u0131","description":"S\u0131\u011f\u0131rlar\u0131n su ihtiyac\u0131, \u00e7iftlik y\u00f6netiminin en \u00f6nemli unsurlar\u0131ndan biridir ve suyun y\u00f6netilmesi, hem hayvan sa\u011fl\u0131\u011f\u0131n\u0131 hem de \u00fcretim","robots":{"index":"index","follow":"follow","max-snippet":"max-snippet:-1","max-image-preview":"max-image-preview:large","max-video-preview":"max-video-preview:-1"},"canonical":"https:\/\/karyem.com.tr\/index.php\/2025\/03\/10\/sigirlarin-su-ihtiyaci\/","og_locale":"tr_TR","og_type":"article","og_title":"S\u0131\u011f\u0131rlar\u0131n su ihtiyac\u0131","og_description":"S\u0131\u011f\u0131rlar\u0131n su ihtiyac\u0131, \u00e7iftlik y\u00f6netiminin en \u00f6nemli unsurlar\u0131ndan biridir ve suyun y\u00f6netilmesi, hem hayvan sa\u011fl\u0131\u011f\u0131n\u0131 hem de \u00fcretim","og_url":"https:\/\/karyem.com.tr\/index.php\/2025\/03\/10\/sigirlarin-su-ihtiyaci\/","og_site_name":"Karyem","article_published_time":"2025-03-10T07:04:34+00:00","og_image":[{"width":1920,"height":1080,"url":"https:\/\/karyem.com.tr\/wp-content\/uploads\/2025\/03\/besi-tuz-1.jpg","type":"image\/jpeg"}],"author":"admin","twitter_card":"summary_large_image","twitter_misc":{"Yazan:":"admin","Tahmini okuma s\u00fcresi":"6 dakika"},"schema":{"@context":"https:\/\/schema.org","@graph":[{"@type":["Article","BlogPosting"],"@id":"https:\/\/karyem.com.tr\/index.php\/2025\/03\/10\/sigirlarin-su-ihtiyaci\/#article","isPartOf":{"@id":"https:\/\/karyem.com.tr\/index.php\/2025\/03\/10\/sigirlarin-su-ihtiyaci\/"},"author":{"name":"admin","@id":"https:\/\/karyem.com.tr\/#\/schema\/person\/11a0f4cb90af0b1de93ebf9cc0504101"},"headline":"S\u0131\u011f\u0131rlar\u0131n su ihtiyac\u0131","datePublished":"2025-03-10T07:04:34+00:00","mainEntityOfPage":{"@id":"https:\/\/karyem.com.tr\/index.php\/2025\/03\/10\/sigirlarin-su-ihtiyaci\/"},"wordCount":1321,"publisher":{"@id":"https:\/\/karyem.com.tr\/#organization"},"image":{"@id":"https:\/\/karyem.com.tr\/index.php\/2025\/03\/10\/sigirlarin-su-ihtiyaci\/#primaryimage"},"thumbnailUrl":"https:\/\/karyem.com.tr\/wp-content\/uploads\/2025\/03\/besi-tuz-1.jpg","keywords":["b\u00fcy\u00fcme ve su","\u00e7iftlik su kaynaklar\u0131","dehidrasyon ve s\u00fct verimi","reprod\u00fcksiyon ve su ihtiyac\u0131","s\u0131cakl\u0131k ve nemin su ihtiyac\u0131na etkisi","S\u0131\u011f\u0131r sa\u011fl\u0131\u011f\u0131","S\u0131\u011f\u0131r su t\u00fcketimi","s\u0131\u011f\u0131rlar\u0131n su i\u00e7me al\u0131\u015fkanl\u0131klar\u0131","s\u0131\u011f\u0131rlar\u0131n suya eri\u015fimi","s\u0131\u011f\u0131rlar\u0131n suya olan ba\u011f\u0131ml\u0131l\u0131\u011f\u0131","su kalitesi ve s\u00fct","Su t\u00fcketimi takibi","su t\u00fcketimini etkileyen fakt\u00f6rler","su y\u00f6netimi","s\u00fct verimi ve su ihtiyac\u0131","yem t\u00fcrleri ve su ihtiyac\u0131","yeti\u015fkin s\u0131\u011f\u0131r su ihtiyac\u0131"],"articleSection":["Arsiv","Haberler","Manset"],"inLanguage":"tr"},{"@type":"WebPage","@id":"https:\/\/karyem.com.tr\/index.php\/2025\/03\/10\/sigirlarin-su-ihtiyaci\/","url":"https:\/\/karyem.com.tr\/index.php\/2025\/03\/10\/sigirlarin-su-ihtiyaci\/","name":"S\u0131\u011f\u0131rlar\u0131n su ihtiyac\u0131","isPartOf":{"@id":"https:\/\/karyem.com.tr\/#website"},"primaryImageOfPage":{"@id":"https:\/\/karyem.com.tr\/index.php\/2025\/03\/10\/sigirlarin-su-ihtiyaci\/#primaryimage"},"image":{"@id":"https:\/\/karyem.com.tr\/index.php\/2025\/03\/10\/sigirlarin-su-ihtiyaci\/#primaryimage"},"thumbnailUrl":"https:\/\/karyem.com.tr\/wp-content\/uploads\/2025\/03\/besi-tuz-1.jpg","datePublished":"2025-03-10T07:04:34+00:00","description":"S\u0131\u011f\u0131rlar\u0131n su ihtiyac\u0131, \u00e7iftlik y\u00f6netiminin en \u00f6nemli unsurlar\u0131ndan biridir ve suyun y\u00f6netilmesi, hem hayvan sa\u011fl\u0131\u011f\u0131n\u0131 hem de \u00fcretim","breadcrumb":{"@id":"https:\/\/karyem.com.tr\/index.php\/2025\/03\/10\/sigirlarin-su-ihtiyaci\/#breadcrumb"},"inLanguage":"tr","potentialAction":[{"@type":"ReadAction","target":["https:\/\/karyem.com.tr\/index.php\/2025\/03\/10\/sigirlarin-su-ihtiyaci\/"]}]},{"@type":"ImageObject","inLanguage":"tr","@id":"https:\/\/karyem.com.tr\/index.php\/2025\/03\/10\/sigirlarin-su-ihtiyaci\/#primaryimage","url":"https:\/\/karyem.com.tr\/wp-content\/uploads\/2025\/03\/besi-tuz-1.jpg","contentUrl":"https:\/\/karyem.com.tr\/wp-content\/uploads\/2025\/03\/besi-tuz-1.jpg","width":1920,"height":1080,"caption":"S\u0131\u011f\u0131rlar\u0131n su ihtiyac\u0131, \u00e7iftlik y\u00f6netiminin en \u00f6nemli unsurlar\u0131ndan biridir ve suyun y\u00f6netilmesi, hem hayvan sa\u011fl\u0131\u011f\u0131n\u0131 hem de \u00fcretim"},{"@type":"BreadcrumbList","@id":"https:\/\/karyem.com.tr\/index.php\/2025\/03\/10\/sigirlarin-su-ihtiyaci\/#breadcrumb","itemListElement":[{"@type":"ListItem","position":1,"name":"Anasayfa","item":"https:\/\/karyem.com.tr\/"},{"@type":"ListItem","position":2,"name":"S\u0131\u011f\u0131rlar\u0131n su ihtiyac\u0131"}]},{"@type":"WebSite","@id":"https:\/\/karyem.com.tr\/#website","url":"https:\/\/karyem.com.tr\/","name":"Karyem","description":"Karyem","publisher":{"@id":"https:\/\/karyem.com.tr\/#organization"},"potentialAction":[{"@type":"SearchAction","target":{"@type":"EntryPoint","urlTemplate":"https:\/\/karyem.com.tr\/?s={search_term_string}"},"query-input":{"@type":"PropertyValueSpecification","valueRequired":true,"valueName":"search_term_string"}}],"inLanguage":"tr"},{"@type":"Organization","@id":"https:\/\/karyem.com.tr\/#organization","name":"Karyem","url":"https:\/\/karyem.com.tr\/","logo":{"@type":"ImageObject","inLanguage":"tr","@id":"https:\/\/karyem.com.tr\/#\/schema\/logo\/image\/","url":"https:\/\/karyem.com.tr\/wp-content\/uploads\/2025\/02\/cropped-ust.jpg","contentUrl":"https:\/\/karyem.com.tr\/wp-content\/uploads\/2025\/02\/cropped-ust.jpg","width":531,"height":100,"caption":"Karyem"},"image":{"@id":"https:\/\/karyem.com.tr\/#\/schema\/logo\/image\/"}},{"@type":"Person","@id":"https:\/\/karyem.com.tr\/#\/schema\/person\/11a0f4cb90af0b1de93ebf9cc0504101","name":"admin","image":{"@type":"ImageObject","inLanguage":"tr","@id":"https:\/\/karyem.com.tr\/#\/schema\/person\/image\/","url":"https:\/\/secure.gravatar.com\/avatar\/040780cfd851f5a33c3c0210ea7f4d85?s=96&d=blank&r=g","contentUrl":"https:\/\/secure.gravatar.com\/avatar\/040780cfd851f5a33c3c0210ea7f4d85?s=96&d=blank&r=g","caption":"admin"},"sameAs":["https:\/\/karyem.com.tr"],"url":"https:\/\/karyem.com.tr\/index.php\/author\/admin\/"}]}},"jetpack_featured_media_url":"https:\/\/karyem.com.tr\/wp-content\/uploads\/2025\/03\/besi-tuz-1.jpg","jetpack_sharing_enabled":true,"_links":{"self":[{"href":"https:\/\/karyem.com.tr\/index.php\/wp-json\/wp\/v2\/posts\/1765","targetHints":{"allow":["GET"]}}],"collection":[{"href":"https:\/\/karyem.com.tr\/index.php\/wp-json\/wp\/v2\/posts"}],"about":[{"href":"https:\/\/karyem.com.tr\/index.php\/wp-json\/wp\/v2\/types\/post"}],"author":[{"embeddable":true,"href":"https:\/\/karyem.com.tr\/index.php\/wp-json\/wp\/v2\/users\/1"}],"replies":[{"embeddable":true,"href":"https:\/\/karyem.com.tr\/index.php\/wp-json\/wp\/v2\/comments?post=1765"}],"version-history":[{"count":1,"href":"https:\/\/karyem.com.tr\/index.php\/wp-json\/wp\/v2\/posts\/1765\/revisions"}],"predecessor-version":[{"id":1767,"href":"https:\/\/karyem.com.tr\/index.php\/wp-json\/wp\/v2\/posts\/1765\/revisions\/1767"}],"wp:featuredmedia":[{"embeddable":true,"href":"https:\/\/karyem.com.tr\/index.php\/wp-json\/wp\/v2\/media\/1766"}],"wp:attachment":[{"href":"https:\/\/karyem.com.tr\/index.php\/wp-json\/wp\/v2\/media?parent=1765"}],"wp:term":[{"taxonomy":"category","embeddable":true,"href":"https:\/\/karyem.com.tr\/index.php\/wp-json\/wp\/v2\/categories?post=1765"},{"taxonomy":"post_tag","embeddable":true,"href":"https:\/\/karyem.com.tr\/index.php\/wp-json\/wp\/v2\/tags?post=1765"}],"curies":[{"name":"wp","href":"https:\/\/api.w.org\/{rel}","templated":true}]}}