{"id":1817,"date":"2025-03-18T10:21:52","date_gmt":"2025-03-18T10:21:52","guid":{"rendered":"https:\/\/karyem.com.tr\/?p=1817"},"modified":"2025-03-18T10:21:52","modified_gmt":"2025-03-18T10:21:52","slug":"misir-tarimi","status":"publish","type":"post","link":"https:\/\/karyem.com.tr\/index.php\/2025\/03\/18\/misir-tarimi\/","title":{"rendered":"M\u0131s\u0131r Tar\u0131m\u0131"},"content":{"rendered":"<h1 data-pm-slice=\"1 1 []\">M\u0131s\u0131r Tar\u0131m\u0131: Tarih, Y\u00f6ntemler ve Gelecek Perspektifleri<\/h1>\n<h2>Giri\u015f<\/h2>\n<p>M\u0131s\u0131r tar\u0131m\u0131, hem besin kayna\u011f\u0131 olarak hem de end\u00fcstriyel kullan\u0131m a\u00e7\u0131s\u0131ndan \u00f6nemli bir tah\u0131l \u00fcr\u00fcn\u00fcd\u00fcr. Y\u00fcksek verimlili\u011fi, geni\u015f ekim alanlar\u0131na sahip olmas\u0131 ve iklim ko\u015fullar\u0131na dayan\u0131kl\u0131l\u0131\u011f\u0131 sayesinde tar\u0131m sekt\u00f6r\u00fcn\u00fcn vazge\u00e7ilmez bitkilerinden biri olmu\u015ftur. Bu makalede, m\u0131s\u0131r tar\u0131m\u0131n\u0131n tarihsel geli\u015fimi, ekim teknikleri, \u00e7e\u015fitleri, verimlilik art\u0131rma y\u00f6ntemleri ve gelecekteki potansiyeli ele al\u0131nacakt\u0131r.<\/p>\n<h2>M\u0131s\u0131r Tar\u0131m\u0131 Tarihsel Geli\u015fimi<\/h2>\n<p>M\u0131s\u0131r tar\u0131m\u0131 k\u00f6kenleri, milattan \u00f6nce 10.000 y\u0131llar\u0131na kadar uzanmaktad\u0131r. Meksika ve Orta Amerika k\u00f6kenli bu bitki, zaman i\u00e7inde d\u00fcnya geneline yay\u0131lm\u0131\u015ft\u0131r. Kolomb&#8217;un Amerika&#8217;y\u0131 ke\u015ffinden sonra Avrupa&#8217;ya ta\u015f\u0131nm\u0131\u015f, oradan da Afrika ve Asya&#8217;ya yay\u0131larak k\u00fcresel bir tah\u0131l haline gelmi\u015ftir.<\/p>\n<h2>M\u0131s\u0131r Tar\u0131m\u0131nda Kullan\u0131lan Y\u00f6ntemler<\/h2>\n<p>M\u0131s\u0131r tar\u0131m\u0131 teknikleri, m\u0131s\u0131r yeti\u015ftiricili\u011finde \u00f6nemli bir rol oynamaktad\u0131r.<\/p>\n<h3>1. Toprak Haz\u0131rl\u0131\u011f\u0131 ve Ekim<\/h3>\n<p>M\u0131s\u0131r tar\u0131m\u0131 yeti\u015ftirilecek alanlar\u0131n \u00f6nceden s\u00fcr\u00fclmesi, havaland\u0131r\u0131lmas\u0131 ve organik madde ile zenginle\u015ftirilmesi gerekir. M\u0131s\u0131r tohumlar\u0131, genellikle ilkbahar aylar\u0131nda topra\u011fa ekilir.<\/p>\n<h3>2. Sulama Teknikleri<\/h3>\n<p>Sulama, m\u0131s\u0131r tar\u0131m\u0131nda b\u00fcy\u00fck \u00f6nem ta\u015f\u0131r.<\/p>\n<ul data-spread=\"false\">\n<li><strong>Ya\u011fmurlama Sulama:<\/strong> D\u00fczg\u00fcn bir \u015fekilde su da\u011f\u0131t\u0131m\u0131 yapar.<\/li>\n<li><strong>Damla Sulama:<\/strong> Su tasarrufu sa\u011flar ve bitkinin k\u00f6klerine direkt ula\u015fmas\u0131n\u0131 sa\u011flar.<\/li>\n<li><strong>Kar\u0131\u015f\u0131k Sulama:<\/strong> Geni\u015f alanlarda uygulanarak suyun en verimli \u015fekilde kullan\u0131lmas\u0131na yard\u0131mc\u0131 olur.<\/li>\n<\/ul>\n<h3>3. G\u00fcbreleme ve Besin Takviyesi<\/h3>\n<p>M\u0131s\u0131r, yo\u011fun azot, fosfor ve potasyum ihtiyac\u0131 duyan bir bitkidir. Organik ve kimyasal g\u00fcbreler dengeli bir \u015fekilde kullan\u0131lmal\u0131d\u0131r.<\/p>\n<h3>4. Hastal\u0131k ve Zararl\u0131larla M\u00fccadele<\/h3>\n<p>M\u0131s\u0131r tar\u0131m\u0131nda <strong>ko\u00e7an kurdu<\/strong>, <strong>yaprak biti<\/strong> ve <strong>k\u00f6k bo\u011far\u0131<\/strong> gibi zararl\u0131lar s\u0131k\u00e7a g\u00f6r\u00fclmektedir. Kimyasal ila\u00e7lar ve biyolojik m\u00fccadele y\u00f6ntemleri ile bu zararl\u0131lar kontrol alt\u0131nda tutulmaktad\u0131r.<\/p>\n<h2>M\u0131s\u0131r Tar\u0131m\u0131nda Verimlili\u011fi Art\u0131rma Y\u00f6ntemleri<\/h2>\n<ol start=\"1\" data-spread=\"false\">\n<li><strong>Genetik Olarak Geli\u015ftirilmi\u015f (GDO) M\u0131s\u0131r Tohumlar\u0131<\/strong>: Daha dayan\u0131kl\u0131 ve hastal\u0131klara diren\u00e7li t\u00fcrler geli\u015ftirilmektedir.<\/li>\n<li><strong>Ak\u0131ll\u0131 Tar\u0131m Teknolojileri<\/strong>: Dronlar, sens\u00f6rler ve veri analizi kullanarak su ve g\u00fcbre kullan\u0131m\u0131 optimize edilmektedir.<\/li>\n<li><strong>D\u00f6n\u00fc\u015f\u00fcl\u00fc Tar\u0131m<\/strong>: M\u0131s\u0131r tarlalar\u0131n\u0131n belirli aral\u0131klarla farkl\u0131 bitkilerle ekilmesi, topra\u011f\u0131n besin dengesini korur.<\/li>\n<\/ol>\n<h2>M\u0131s\u0131r\u0131n Ekonomik ve End\u00fcstriyel \u00d6nemi<\/h2>\n<p>M\u0131s\u0131r sadece g\u0131da sekt\u00f6r\u00fcnde de\u011fil, biyoyak\u0131t, hayvan yemi, ka\u011f\u0131t ve tekstil gibi end\u00fcstrilerde de yayg\u0131n olarak kullan\u0131l\u0131r.<\/p>\n<h2>Gelecekte M\u0131s\u0131r Tar\u0131m\u0131<\/h2>\n<p>M\u0131s\u0131r tar\u0131m\u0131n\u0131n gelece\u011fi, iklim de\u011fi\u015fikli\u011fi ve su kaynaklar\u0131n\u0131n azalmas\u0131 gibi fakt\u00f6rlere ba\u011fl\u0131 olarak \u015fekillenecektir. Daha verimli ve dayan\u0131kl\u0131 m\u0131s\u0131r t\u00fcrleri geli\u015ftirilerek \u00fcretimin s\u00fcrd\u00fcr\u00fclebilirli\u011fi art\u0131r\u0131lmal\u0131d\u0131r.<\/p>\n<h2>Sonu\u00e7<\/h2>\n<p>M\u0131s\u0131r tar\u0131m\u0131, tarih boyunca insanlar i\u00e7in hayati \u00f6nem ta\u015f\u0131m\u0131\u015f ve g\u00fcn\u00fcm\u00fczde de d\u00fcnyan\u0131n en \u00f6nemli tar\u0131m \u00fcr\u00fcnlerinden biri olmaya devam etmektedir. Modern tar\u0131m teknikleri ve bilimsel geli\u015fmeler sayesinde m\u0131s\u0131r yeti\u015ftiricili\u011fi daha verimli hale getirilebilir ve gelecekteki g\u0131da ihtiyac\u0131n\u0131n kar\u015f\u0131lanmas\u0131nda kritik bir rol oynayabilir.<\/p>\n<p>&nbsp;<\/p>\n","protected":false},"excerpt":{"rendered":"<p>M\u0131s\u0131r Tar\u0131m\u0131: Tarih, Y\u00f6ntemler ve Gelecek Perspektifleri Giri\u015f M\u0131s\u0131r tar\u0131m\u0131, hem besin kayna\u011f\u0131 olarak hem de end\u00fcstriyel kullan\u0131m a\u00e7\u0131s\u0131ndan \u00f6nemli bir tah\u0131l \u00fcr\u00fcn\u00fcd\u00fcr. Y\u00fcksek verimlili\u011fi, geni\u015f ekim alanlar\u0131na sahip olmas\u0131&hellip;<\/p>\n","protected":false},"author":1,"featured_media":1818,"comment_status":"closed","ping_status":"open","sticky":false,"template":"","format":"standard","meta":{"_jetpack_memberships_contains_paid_content":false,"footnotes":""},"categories":[2301,3,1243],"tags":[2978,2967,2974,2975,2973,2969,2965,2971,2968,2970,2966,2972,2976,2977,2979],"class_list":["post-1817","post","type-post","status-publish","format-standard","has-post-thumbnail","hentry","category-arsiv","category-hbr","category-manset","tag-misir-biyoyakit-uretimi","tag-misir-ekimi","tag-misir-gubreleme-teknikleri","tag-misir-hastaliklari-ve-zararlilari","tag-misir-sulama-yontemleri","tag-misir-tarim-teknikleri","tag-misir-tarimi","tag-misir-tarimi-nasil-yapilir","tag-misir-uretimi","tag-misir-verimi-artirma-yontemleri","tag-misir-yetistiriciligi","tag-misir-yetistirme-rehberi","tag-misirin-ekonomik-onemi","tag-modern-misir-tarimi","tag-surdurulebilir-misir-tarimi"],"yoast_head":"<!-- This site is optimized with the Yoast SEO plugin v26.8 - https:\/\/yoast.com\/product\/yoast-seo-wordpress\/ -->\n<title>M\u0131s\u0131r tar\u0131m\u0131<\/title>\n<meta name=\"description\" content=\"M\u0131s\u0131r tar\u0131m\u0131, tarih boyunca insanlar i\u00e7in hayati \u00f6nem ta\u015f\u0131m\u0131\u015f ve g\u00fcn\u00fcm\u00fczde de d\u00fcnyan\u0131n en \u00f6nemli tar\u0131m \u00fcr\u00fcnlerinden biri olmaya\" \/>\n<meta name=\"robots\" content=\"index, follow, max-snippet:-1, max-image-preview:large, max-video-preview:-1\" \/>\n<link rel=\"canonical\" href=\"https:\/\/karyem.com.tr\/index.php\/2025\/03\/18\/misir-tarimi\/\" \/>\n<meta property=\"og:locale\" content=\"tr_TR\" \/>\n<meta property=\"og:type\" content=\"article\" \/>\n<meta property=\"og:title\" content=\"M\u0131s\u0131r tar\u0131m\u0131\" \/>\n<meta property=\"og:description\" content=\"M\u0131s\u0131r tar\u0131m\u0131, tarih boyunca insanlar i\u00e7in hayati \u00f6nem ta\u015f\u0131m\u0131\u015f ve g\u00fcn\u00fcm\u00fczde de d\u00fcnyan\u0131n en \u00f6nemli tar\u0131m \u00fcr\u00fcnlerinden biri olmaya\" \/>\n<meta property=\"og:url\" content=\"https:\/\/karyem.com.tr\/index.php\/2025\/03\/18\/misir-tarimi\/\" \/>\n<meta property=\"og:site_name\" content=\"Karyem\" \/>\n<meta property=\"article:published_time\" content=\"2025-03-18T10:21:52+00:00\" \/>\n<meta property=\"og:image\" content=\"https:\/\/karyem.com.tr\/wp-content\/uploads\/2025\/03\/misir-tarimi.jpg\" \/>\n\t<meta property=\"og:image:width\" content=\"1920\" \/>\n\t<meta property=\"og:image:height\" content=\"1080\" \/>\n\t<meta property=\"og:image:type\" content=\"image\/jpeg\" \/>\n<meta name=\"author\" content=\"admin\" \/>\n<meta name=\"twitter:card\" content=\"summary_large_image\" \/>\n<meta name=\"twitter:label1\" content=\"Yazan:\" \/>\n\t<meta name=\"twitter:data1\" content=\"admin\" \/>\n\t<meta name=\"twitter:label2\" content=\"Tahmini okuma s\u00fcresi\" \/>\n\t<meta name=\"twitter:data2\" content=\"3 dakika\" \/>\n<script type=\"application\/ld+json\" class=\"yoast-schema-graph\">{\"@context\":\"https:\/\/schema.org\",\"@graph\":[{\"@type\":[\"Article\",\"BlogPosting\"],\"@id\":\"https:\/\/karyem.com.tr\/index.php\/2025\/03\/18\/misir-tarimi\/#article\",\"isPartOf\":{\"@id\":\"https:\/\/karyem.com.tr\/index.php\/2025\/03\/18\/misir-tarimi\/\"},\"author\":{\"name\":\"admin\",\"@id\":\"https:\/\/karyem.com.tr\/#\/schema\/person\/11a0f4cb90af0b1de93ebf9cc0504101\"},\"headline\":\"M\u0131s\u0131r Tar\u0131m\u0131\",\"datePublished\":\"2025-03-18T10:21:52+00:00\",\"mainEntityOfPage\":{\"@id\":\"https:\/\/karyem.com.tr\/index.php\/2025\/03\/18\/misir-tarimi\/\"},\"wordCount\":613,\"publisher\":{\"@id\":\"https:\/\/karyem.com.tr\/#organization\"},\"image\":{\"@id\":\"https:\/\/karyem.com.tr\/index.php\/2025\/03\/18\/misir-tarimi\/#primaryimage\"},\"thumbnailUrl\":\"https:\/\/karyem.com.tr\/wp-content\/uploads\/2025\/03\/misir-tarimi.jpg\",\"keywords\":[\"m\u0131s\u0131r biyoyak\u0131t \u00fcretimi\",\"m\u0131s\u0131r ekimi\",\"m\u0131s\u0131r g\u00fcbreleme teknikleri\",\"m\u0131s\u0131r hastal\u0131klar\u0131 ve zararl\u0131lar\u0131\",\"m\u0131s\u0131r sulama y\u00f6ntemleri\",\"m\u0131s\u0131r tar\u0131m teknikleri\",\"m\u0131s\u0131r tar\u0131m\u0131\",\"m\u0131s\u0131r tar\u0131m\u0131 nas\u0131l yap\u0131l\u0131r\",\"m\u0131s\u0131r \u00fcretimi\",\"m\u0131s\u0131r verimi art\u0131rma y\u00f6ntemleri\",\"m\u0131s\u0131r yeti\u015ftiricili\u011fi\",\"m\u0131s\u0131r yeti\u015ftirme rehberi\",\"m\u0131s\u0131r\u0131n ekonomik \u00f6nemi\",\"modern m\u0131s\u0131r tar\u0131m\u0131\",\"s\u00fcrd\u00fcr\u00fclebilir m\u0131s\u0131r tar\u0131m\u0131.\"],\"articleSection\":[\"Arsiv\",\"Haberler\",\"Manset\"],\"inLanguage\":\"tr\"},{\"@type\":\"WebPage\",\"@id\":\"https:\/\/karyem.com.tr\/index.php\/2025\/03\/18\/misir-tarimi\/\",\"url\":\"https:\/\/karyem.com.tr\/index.php\/2025\/03\/18\/misir-tarimi\/\",\"name\":\"M\u0131s\u0131r tar\u0131m\u0131\",\"isPartOf\":{\"@id\":\"https:\/\/karyem.com.tr\/#website\"},\"primaryImageOfPage\":{\"@id\":\"https:\/\/karyem.com.tr\/index.php\/2025\/03\/18\/misir-tarimi\/#primaryimage\"},\"image\":{\"@id\":\"https:\/\/karyem.com.tr\/index.php\/2025\/03\/18\/misir-tarimi\/#primaryimage\"},\"thumbnailUrl\":\"https:\/\/karyem.com.tr\/wp-content\/uploads\/2025\/03\/misir-tarimi.jpg\",\"datePublished\":\"2025-03-18T10:21:52+00:00\",\"description\":\"M\u0131s\u0131r tar\u0131m\u0131, tarih boyunca insanlar i\u00e7in hayati \u00f6nem ta\u015f\u0131m\u0131\u015f ve g\u00fcn\u00fcm\u00fczde de d\u00fcnyan\u0131n en \u00f6nemli tar\u0131m \u00fcr\u00fcnlerinden biri olmaya\",\"breadcrumb\":{\"@id\":\"https:\/\/karyem.com.tr\/index.php\/2025\/03\/18\/misir-tarimi\/#breadcrumb\"},\"inLanguage\":\"tr\",\"potentialAction\":[{\"@type\":\"ReadAction\",\"target\":[\"https:\/\/karyem.com.tr\/index.php\/2025\/03\/18\/misir-tarimi\/\"]}]},{\"@type\":\"ImageObject\",\"inLanguage\":\"tr\",\"@id\":\"https:\/\/karyem.com.tr\/index.php\/2025\/03\/18\/misir-tarimi\/#primaryimage\",\"url\":\"https:\/\/karyem.com.tr\/wp-content\/uploads\/2025\/03\/misir-tarimi.jpg\",\"contentUrl\":\"https:\/\/karyem.com.tr\/wp-content\/uploads\/2025\/03\/misir-tarimi.jpg\",\"width\":1920,\"height\":1080,\"caption\":\"M\u0131s\u0131r tar\u0131m\u0131, tarih boyunca insanlar i\u00e7in hayati \u00f6nem ta\u015f\u0131m\u0131\u015f ve g\u00fcn\u00fcm\u00fczde de d\u00fcnyan\u0131n en \u00f6nemli tar\u0131m \u00fcr\u00fcnlerinden biri olmaya devam etmektedir. Modern tar\u0131m teknikleri ve bilimsel geli\u015fmeler sayesinde m\u0131s\u0131r yeti\u015ftiricili\u011fi daha verimli hale getirilebilir ve gelecekteki g\u0131da ihtiyac\u0131n\u0131n kar\u015f\u0131lanmas\u0131nda kritik bir rol oynayabilir.\"},{\"@type\":\"BreadcrumbList\",\"@id\":\"https:\/\/karyem.com.tr\/index.php\/2025\/03\/18\/misir-tarimi\/#breadcrumb\",\"itemListElement\":[{\"@type\":\"ListItem\",\"position\":1,\"name\":\"Anasayfa\",\"item\":\"https:\/\/karyem.com.tr\/\"},{\"@type\":\"ListItem\",\"position\":2,\"name\":\"M\u0131s\u0131r Tar\u0131m\u0131\"}]},{\"@type\":\"WebSite\",\"@id\":\"https:\/\/karyem.com.tr\/#website\",\"url\":\"https:\/\/karyem.com.tr\/\",\"name\":\"Karyem\",\"description\":\"Karyem\",\"publisher\":{\"@id\":\"https:\/\/karyem.com.tr\/#organization\"},\"potentialAction\":[{\"@type\":\"SearchAction\",\"target\":{\"@type\":\"EntryPoint\",\"urlTemplate\":\"https:\/\/karyem.com.tr\/?s={search_term_string}\"},\"query-input\":{\"@type\":\"PropertyValueSpecification\",\"valueRequired\":true,\"valueName\":\"search_term_string\"}}],\"inLanguage\":\"tr\"},{\"@type\":\"Organization\",\"@id\":\"https:\/\/karyem.com.tr\/#organization\",\"name\":\"Karyem\",\"url\":\"https:\/\/karyem.com.tr\/\",\"logo\":{\"@type\":\"ImageObject\",\"inLanguage\":\"tr\",\"@id\":\"https:\/\/karyem.com.tr\/#\/schema\/logo\/image\/\",\"url\":\"https:\/\/karyem.com.tr\/wp-content\/uploads\/2025\/02\/cropped-ust.jpg\",\"contentUrl\":\"https:\/\/karyem.com.tr\/wp-content\/uploads\/2025\/02\/cropped-ust.jpg\",\"width\":531,\"height\":100,\"caption\":\"Karyem\"},\"image\":{\"@id\":\"https:\/\/karyem.com.tr\/#\/schema\/logo\/image\/\"}},{\"@type\":\"Person\",\"@id\":\"https:\/\/karyem.com.tr\/#\/schema\/person\/11a0f4cb90af0b1de93ebf9cc0504101\",\"name\":\"admin\",\"image\":{\"@type\":\"ImageObject\",\"inLanguage\":\"tr\",\"@id\":\"https:\/\/karyem.com.tr\/#\/schema\/person\/image\/\",\"url\":\"https:\/\/secure.gravatar.com\/avatar\/040780cfd851f5a33c3c0210ea7f4d85?s=96&d=blank&r=g\",\"contentUrl\":\"https:\/\/secure.gravatar.com\/avatar\/040780cfd851f5a33c3c0210ea7f4d85?s=96&d=blank&r=g\",\"caption\":\"admin\"},\"sameAs\":[\"https:\/\/karyem.com.tr\"],\"url\":\"https:\/\/karyem.com.tr\/index.php\/author\/admin\/\"}]}<\/script>\n<!-- \/ Yoast SEO plugin. -->","yoast_head_json":{"title":"M\u0131s\u0131r tar\u0131m\u0131","description":"M\u0131s\u0131r tar\u0131m\u0131, tarih boyunca insanlar i\u00e7in hayati \u00f6nem ta\u015f\u0131m\u0131\u015f ve g\u00fcn\u00fcm\u00fczde de d\u00fcnyan\u0131n en \u00f6nemli tar\u0131m \u00fcr\u00fcnlerinden biri olmaya","robots":{"index":"index","follow":"follow","max-snippet":"max-snippet:-1","max-image-preview":"max-image-preview:large","max-video-preview":"max-video-preview:-1"},"canonical":"https:\/\/karyem.com.tr\/index.php\/2025\/03\/18\/misir-tarimi\/","og_locale":"tr_TR","og_type":"article","og_title":"M\u0131s\u0131r tar\u0131m\u0131","og_description":"M\u0131s\u0131r tar\u0131m\u0131, tarih boyunca insanlar i\u00e7in hayati \u00f6nem ta\u015f\u0131m\u0131\u015f ve g\u00fcn\u00fcm\u00fczde de d\u00fcnyan\u0131n en \u00f6nemli tar\u0131m \u00fcr\u00fcnlerinden biri olmaya","og_url":"https:\/\/karyem.com.tr\/index.php\/2025\/03\/18\/misir-tarimi\/","og_site_name":"Karyem","article_published_time":"2025-03-18T10:21:52+00:00","og_image":[{"width":1920,"height":1080,"url":"https:\/\/karyem.com.tr\/wp-content\/uploads\/2025\/03\/misir-tarimi.jpg","type":"image\/jpeg"}],"author":"admin","twitter_card":"summary_large_image","twitter_misc":{"Yazan:":"admin","Tahmini okuma s\u00fcresi":"3 dakika"},"schema":{"@context":"https:\/\/schema.org","@graph":[{"@type":["Article","BlogPosting"],"@id":"https:\/\/karyem.com.tr\/index.php\/2025\/03\/18\/misir-tarimi\/#article","isPartOf":{"@id":"https:\/\/karyem.com.tr\/index.php\/2025\/03\/18\/misir-tarimi\/"},"author":{"name":"admin","@id":"https:\/\/karyem.com.tr\/#\/schema\/person\/11a0f4cb90af0b1de93ebf9cc0504101"},"headline":"M\u0131s\u0131r Tar\u0131m\u0131","datePublished":"2025-03-18T10:21:52+00:00","mainEntityOfPage":{"@id":"https:\/\/karyem.com.tr\/index.php\/2025\/03\/18\/misir-tarimi\/"},"wordCount":613,"publisher":{"@id":"https:\/\/karyem.com.tr\/#organization"},"image":{"@id":"https:\/\/karyem.com.tr\/index.php\/2025\/03\/18\/misir-tarimi\/#primaryimage"},"thumbnailUrl":"https:\/\/karyem.com.tr\/wp-content\/uploads\/2025\/03\/misir-tarimi.jpg","keywords":["m\u0131s\u0131r biyoyak\u0131t \u00fcretimi","m\u0131s\u0131r ekimi","m\u0131s\u0131r g\u00fcbreleme teknikleri","m\u0131s\u0131r hastal\u0131klar\u0131 ve zararl\u0131lar\u0131","m\u0131s\u0131r sulama y\u00f6ntemleri","m\u0131s\u0131r tar\u0131m teknikleri","m\u0131s\u0131r tar\u0131m\u0131","m\u0131s\u0131r tar\u0131m\u0131 nas\u0131l yap\u0131l\u0131r","m\u0131s\u0131r \u00fcretimi","m\u0131s\u0131r verimi art\u0131rma y\u00f6ntemleri","m\u0131s\u0131r yeti\u015ftiricili\u011fi","m\u0131s\u0131r yeti\u015ftirme rehberi","m\u0131s\u0131r\u0131n ekonomik \u00f6nemi","modern m\u0131s\u0131r tar\u0131m\u0131","s\u00fcrd\u00fcr\u00fclebilir m\u0131s\u0131r tar\u0131m\u0131."],"articleSection":["Arsiv","Haberler","Manset"],"inLanguage":"tr"},{"@type":"WebPage","@id":"https:\/\/karyem.com.tr\/index.php\/2025\/03\/18\/misir-tarimi\/","url":"https:\/\/karyem.com.tr\/index.php\/2025\/03\/18\/misir-tarimi\/","name":"M\u0131s\u0131r tar\u0131m\u0131","isPartOf":{"@id":"https:\/\/karyem.com.tr\/#website"},"primaryImageOfPage":{"@id":"https:\/\/karyem.com.tr\/index.php\/2025\/03\/18\/misir-tarimi\/#primaryimage"},"image":{"@id":"https:\/\/karyem.com.tr\/index.php\/2025\/03\/18\/misir-tarimi\/#primaryimage"},"thumbnailUrl":"https:\/\/karyem.com.tr\/wp-content\/uploads\/2025\/03\/misir-tarimi.jpg","datePublished":"2025-03-18T10:21:52+00:00","description":"M\u0131s\u0131r tar\u0131m\u0131, tarih boyunca insanlar i\u00e7in hayati \u00f6nem ta\u015f\u0131m\u0131\u015f ve g\u00fcn\u00fcm\u00fczde de d\u00fcnyan\u0131n en \u00f6nemli tar\u0131m \u00fcr\u00fcnlerinden biri olmaya","breadcrumb":{"@id":"https:\/\/karyem.com.tr\/index.php\/2025\/03\/18\/misir-tarimi\/#breadcrumb"},"inLanguage":"tr","potentialAction":[{"@type":"ReadAction","target":["https:\/\/karyem.com.tr\/index.php\/2025\/03\/18\/misir-tarimi\/"]}]},{"@type":"ImageObject","inLanguage":"tr","@id":"https:\/\/karyem.com.tr\/index.php\/2025\/03\/18\/misir-tarimi\/#primaryimage","url":"https:\/\/karyem.com.tr\/wp-content\/uploads\/2025\/03\/misir-tarimi.jpg","contentUrl":"https:\/\/karyem.com.tr\/wp-content\/uploads\/2025\/03\/misir-tarimi.jpg","width":1920,"height":1080,"caption":"M\u0131s\u0131r tar\u0131m\u0131, tarih boyunca insanlar i\u00e7in hayati \u00f6nem ta\u015f\u0131m\u0131\u015f ve g\u00fcn\u00fcm\u00fczde de d\u00fcnyan\u0131n en \u00f6nemli tar\u0131m \u00fcr\u00fcnlerinden biri olmaya devam etmektedir. Modern tar\u0131m teknikleri ve bilimsel geli\u015fmeler sayesinde m\u0131s\u0131r yeti\u015ftiricili\u011fi daha verimli hale getirilebilir ve gelecekteki g\u0131da ihtiyac\u0131n\u0131n kar\u015f\u0131lanmas\u0131nda kritik bir rol oynayabilir."},{"@type":"BreadcrumbList","@id":"https:\/\/karyem.com.tr\/index.php\/2025\/03\/18\/misir-tarimi\/#breadcrumb","itemListElement":[{"@type":"ListItem","position":1,"name":"Anasayfa","item":"https:\/\/karyem.com.tr\/"},{"@type":"ListItem","position":2,"name":"M\u0131s\u0131r Tar\u0131m\u0131"}]},{"@type":"WebSite","@id":"https:\/\/karyem.com.tr\/#website","url":"https:\/\/karyem.com.tr\/","name":"Karyem","description":"Karyem","publisher":{"@id":"https:\/\/karyem.com.tr\/#organization"},"potentialAction":[{"@type":"SearchAction","target":{"@type":"EntryPoint","urlTemplate":"https:\/\/karyem.com.tr\/?s={search_term_string}"},"query-input":{"@type":"PropertyValueSpecification","valueRequired":true,"valueName":"search_term_string"}}],"inLanguage":"tr"},{"@type":"Organization","@id":"https:\/\/karyem.com.tr\/#organization","name":"Karyem","url":"https:\/\/karyem.com.tr\/","logo":{"@type":"ImageObject","inLanguage":"tr","@id":"https:\/\/karyem.com.tr\/#\/schema\/logo\/image\/","url":"https:\/\/karyem.com.tr\/wp-content\/uploads\/2025\/02\/cropped-ust.jpg","contentUrl":"https:\/\/karyem.com.tr\/wp-content\/uploads\/2025\/02\/cropped-ust.jpg","width":531,"height":100,"caption":"Karyem"},"image":{"@id":"https:\/\/karyem.com.tr\/#\/schema\/logo\/image\/"}},{"@type":"Person","@id":"https:\/\/karyem.com.tr\/#\/schema\/person\/11a0f4cb90af0b1de93ebf9cc0504101","name":"admin","image":{"@type":"ImageObject","inLanguage":"tr","@id":"https:\/\/karyem.com.tr\/#\/schema\/person\/image\/","url":"https:\/\/secure.gravatar.com\/avatar\/040780cfd851f5a33c3c0210ea7f4d85?s=96&d=blank&r=g","contentUrl":"https:\/\/secure.gravatar.com\/avatar\/040780cfd851f5a33c3c0210ea7f4d85?s=96&d=blank&r=g","caption":"admin"},"sameAs":["https:\/\/karyem.com.tr"],"url":"https:\/\/karyem.com.tr\/index.php\/author\/admin\/"}]}},"jetpack_featured_media_url":"https:\/\/karyem.com.tr\/wp-content\/uploads\/2025\/03\/misir-tarimi.jpg","jetpack_sharing_enabled":true,"_links":{"self":[{"href":"https:\/\/karyem.com.tr\/index.php\/wp-json\/wp\/v2\/posts\/1817","targetHints":{"allow":["GET"]}}],"collection":[{"href":"https:\/\/karyem.com.tr\/index.php\/wp-json\/wp\/v2\/posts"}],"about":[{"href":"https:\/\/karyem.com.tr\/index.php\/wp-json\/wp\/v2\/types\/post"}],"author":[{"embeddable":true,"href":"https:\/\/karyem.com.tr\/index.php\/wp-json\/wp\/v2\/users\/1"}],"replies":[{"embeddable":true,"href":"https:\/\/karyem.com.tr\/index.php\/wp-json\/wp\/v2\/comments?post=1817"}],"version-history":[{"count":1,"href":"https:\/\/karyem.com.tr\/index.php\/wp-json\/wp\/v2\/posts\/1817\/revisions"}],"predecessor-version":[{"id":1819,"href":"https:\/\/karyem.com.tr\/index.php\/wp-json\/wp\/v2\/posts\/1817\/revisions\/1819"}],"wp:featuredmedia":[{"embeddable":true,"href":"https:\/\/karyem.com.tr\/index.php\/wp-json\/wp\/v2\/media\/1818"}],"wp:attachment":[{"href":"https:\/\/karyem.com.tr\/index.php\/wp-json\/wp\/v2\/media?parent=1817"}],"wp:term":[{"taxonomy":"category","embeddable":true,"href":"https:\/\/karyem.com.tr\/index.php\/wp-json\/wp\/v2\/categories?post=1817"},{"taxonomy":"post_tag","embeddable":true,"href":"https:\/\/karyem.com.tr\/index.php\/wp-json\/wp\/v2\/tags?post=1817"}],"curies":[{"name":"wp","href":"https:\/\/api.w.org\/{rel}","templated":true}]}}