{"id":1998,"date":"2025-05-11T17:57:26","date_gmt":"2025-05-11T17:57:26","guid":{"rendered":"https:\/\/karyem.com.tr\/?p=1998"},"modified":"2025-05-11T18:13:40","modified_gmt":"2025-05-11T18:13:40","slug":"karyem-a-s-2024-yili-genel-kurul-gundemi","status":"publish","type":"post","link":"https:\/\/karyem.com.tr\/index.php\/2025\/05\/11\/karyem-a-s-2024-yili-genel-kurul-gundemi\/","title":{"rendered":"KARYEM A.\u015e. 2024 Y\u0131l\u0131 Genel Kurul G\u00fcndemi"},"content":{"rendered":"<p style=\"text-align: center;\"><strong>KAR-YEM KARAPINAR YEM SANAY\u0130 VE T\u0130CARET A.\u015e.<\/strong><\/p>\n<p style=\"text-align: center;\"><strong>Y\u00d6NET\u0130M KURULU BA\u015eKANLI\u011eI\u2019NDAN<\/strong><\/p>\n<p>\u015eirketimizin 2024 Y\u0131l\u0131 Hesap D\u00f6nemine ait, Ola\u011fan Genel Kurul Toplant\u0131s\u0131 a\u015fa\u011f\u0131da yaz\u0131l\u0131 g\u00fcndem maddelerini g\u00f6r\u00fc\u015f\u00fcp karara ba\u011flamak \u00fczere, 24 MAYIS 2025\/Cumartesi saat 10.00.da Ulus Mah. Konya Ere\u011fli Cad.No.1300\/A Karap\u0131nar\/KONYA Adresimizdeki Fabrikam\u0131z Toplant\u0131 Salonunda yap\u0131lacakt\u0131r.<\/p>\n<p>Toplant\u0131ya i\u015ftirak etmeyerek kendisini bir vekil vas\u0131tas\u0131 ile temsil ettirmek isteyen say\u0131n ortaklar\u0131m\u0131z\u0131n a\u015fa\u011f\u0131daki vekaletnameyi noterden tasdik ettirerek veya Noter Tasdik\u2019 i bulunmayan vekaletnamelere Noter tasdikli imza sirk\u00fclerinin eklenerek toplant\u0131 g\u00fcn\u00fcnde divan heyetinin belirlenmesinden \u00f6nce \u015firket merkezimize teslim etmeleri gerekmektedir.<\/p>\n<p>\u015eirketimizin 2024 Y\u0131l\u0131 Bilan\u00e7o, Gelir Tablosu ile Y\u00f6netim Kurulu ve Denet\u00e7ilerin Raporlar\u0131 Toplant\u0131 G\u00fcn\u00fcnden 15 g\u00fcn \u00f6nce \u015eirketimiz merkezinde say\u0131n ortaklar\u0131m\u0131z\u0131n tetkikine sunulacakt\u0131r.<\/p>\n<p>Toplant\u0131ya Te\u015friflerinizi Arz Ederim.<\/p>\n<p>Sayg\u0131lar\u0131m\u0131zla<\/p>\n<p>\u0130BRAH\u0130M \u00d6NAL<\/p>\n<p>Y\u00f6netim Kurulu Ba\u015fkan\u0131<\/p>\n<p>G\u00dcNDEM:<\/p>\n<p>1- A\u00e7\u0131l\u0131\u015f ,Yoklama ve Sayg\u0131 Duru\u015fu.<\/p>\n<p>2- Divan Te\u015fekk\u00fcl\u00fc ve Divana imza yetkisi verilmesi.<\/p>\n<p>3- 2024 y\u0131l\u0131 Y\u00f6netim Kurulu faaliyet raporunun okunmas\u0131 ve m\u00fczakeresi.<\/p>\n<p>4- 2024 Y\u0131l\u0131 Denetim Kurulu Raporunun okunmas\u0131 ve m\u00fczakere edilmesi.<\/p>\n<p>5- 2024 Y\u0131l\u0131 Ba\u011f\u0131ms\u0131z Denetim Raporunun okunmas\u0131.<\/p>\n<p>6- 2024 Y\u0131l\u0131 Finansal Tablolar\u0131n\u0131n okunmas\u0131, m\u00fczakeresi ve tasdiki.<\/p>\n<p>7- Y\u00f6netim Kurulu \u00dcyelerinin ve Denet\u00e7ilerin ibras\u0131.<\/p>\n<p>8- 2024 Y\u0131l\u0131 Kar\u0131n\u0131n kullan\u0131m \u015feklinin, da\u011f\u0131t\u0131lacak kar pay\u0131 oran\u0131n\u0131n belirlenmesi.<\/p>\n<p>9- Ana S\u00f6zle\u015fme\u2019nin 3.Maddesinin tadil tasar\u0131s\u0131n\u0131n g\u00f6r\u00fc\u015f\u00fcl\u00fcp karara ba\u011flanmas\u0131,<\/p>\n<p>10- Y\u00f6netim Kurulu Ba\u015fkan ve \u00fcyelerine T.T.K.nun 395 ve 396. maddelerinde belirtilen i\u015fleri yapabilmeleri i\u00e7in \u0130zin Verilmesinin onaylanmas\u0131,<\/p>\n<p>11- Y\u00f6netim kurulu ve Denetim Kurulu \u00fcyelerinin \u00fccretleri ile huzur hakk\u0131, ikramiye ve prim gibi haklar\u0131n belirlenmesi.<\/p>\n<p>12- 2025 Y\u0131l\u0131 Hesaplar\u0131 i\u00e7in Ba\u011f\u0131ms\u0131z Denetim Firmas\u0131n\u0131n Belirlenmesi.<\/p>\n<p>13- Dilek ve Temenniler.<\/p>\n<p>14- Kapan\u0131\u015f.<\/p>\n<p>&#8212;&#8212;&#8212;&#8212;&#8212;&#8212;&#8212;&#8212;&#8212;&#8212;&#8212;&#8212;&#8212;&#8212;&#8212;&#8212;&#8212;&#8212;&#8212;&#8212;&#8212;&#8212;&#8212;&#8212;&#8212;&#8212;&#8212;&#8212;&#8212;&#8212;&#8212;&#8212;&#8212;&#8212;&#8212;&#8212;&#8212;&#8212;&#8212;&#8212;&#8212;&#8212;&#8212;&#8211;<\/p>\n<p>VEKALETNAME<\/p>\n<p>KARYEM A.\u015e. KARAPINAR YEM SANAY\u0130 VE T\u0130CARET ANON\u0130M \u015e\u0130RKET\u0130 Y\u00d6NET\u0130M KURULU BA\u015eKANLI\u011eI\u2019 NA<\/p>\n<p>Karyem A.\u015e. Karap\u0131nar Yem Sanayi ve Ticaret Anonim \u015eirketi\u2019 nin 24 MAYIS 2025 Tarihinde Saat 10.00\u2019 da Ulus Mah.Konya Ere\u011fli Cad.No :1300\/A. Karap\u0131nar-KONYA Karyem A.\u015e. Toplant\u0131 Salonunda yap\u0131lacak 2024 y\u0131l\u0131 Ola\u011fan Genel Kurul Toplant\u0131s\u0131nda a\u015fa\u011f\u0131da belirtti\u011fim ko\u015fullar do\u011frultusunda beni temsile oy vermeye, teklifte bulunmaya ve gerekli belgeleri imzalamaya yetkili olmak \u00fczere &#8230;&#8230;&#8230;&#8230;&#8230;&#8230;&#8230;&#8230;&#8230;&#8230;&#8230;&#8230;&#8230;&#8230;&#8230;&#8230;&#8230;&#8230;&#8230;&#8230;..vekil tayin ediyorum.<\/p>\n<p>A) TEMS\u0130L YETK\u0130S\u0130N\u0130N KAPSAMI<\/p>\n<p>a) Vekil t\u00fcm g\u00fcndem maddeleri i\u00e7in kendi g\u00f6r\u00fc\u015f\u00fc do\u011frultusunda oy kullanmaya yetkilidir.<\/p>\n<p>b) Vekil a\u015fa\u011f\u0131daki talimatlar do\u011frultusunda g\u00fcndem maddeleri i\u00e7in oy kullanmaya yetkilidir. Talimatlar: (\u00f6zel talimatlar yaz\u0131l\u0131r.)<\/p>\n<p>c) Vekil \u015firket y\u00f6netiminin \u00f6nerileri do\u011frultusunda oy kullanmaya yetkilidir.<\/p>\n<p>d) Toplant\u0131da ortaya \u00e7\u0131kabilecek di\u011fer konularda vekil a\u015fa\u011f\u0131daki talimatlar do\u011frultusunda oy kullanmaya yetkilidir. (Talimat yoksa, vekil oyunu serbest\u00e7e kullan\u0131l\u0131r.) Talimatlar: (\u00d6zel talimatlar yaz\u0131l\u0131r.)<\/p>\n<p>e) Sermaye Piyasas\u0131 Kurulunun Seri IV No: 29 Nolu Tebli\u011fleri Esaslar\u0131 \u00c7er\u00e7evesinde Birikimli Oy Y\u00f6ntemine g\u00f6re oy kullanmaya yetkilidir.<\/p>\n<p>&#8230;..\/&#8230;\/2025 \u0130MZA:<\/p>\n","protected":false},"excerpt":{"rendered":"<p>KAR-YEM KARAPINAR YEM SANAY\u0130 VE T\u0130CARET A.\u015e. Y\u00d6NET\u0130M KURULU BA\u015eKANLI\u011eI\u2019NDAN \u015eirketimizin 2024 Y\u0131l\u0131 Hesap D\u00f6nemine ait, Ola\u011fan Genel Kurul Toplant\u0131s\u0131 a\u015fa\u011f\u0131da yaz\u0131l\u0131 g\u00fcndem maddelerini g\u00f6r\u00fc\u015f\u00fcp karara ba\u011flamak \u00fczere, 24 MAYIS&hellip;<\/p>\n","protected":false},"author":1,"featured_media":2001,"comment_status":"closed","ping_status":"open","sticky":false,"template":"","format":"standard","meta":{"_jetpack_memberships_contains_paid_content":false,"footnotes":""},"categories":[2301,5],"tags":[],"class_list":["post-1998","post","type-post","status-publish","format-standard","has-post-thumbnail","hentry","category-arsiv","category-dyrl"],"yoast_head":"<!-- This site is optimized with the Yoast SEO plugin v26.8 - https:\/\/yoast.com\/product\/yoast-seo-wordpress\/ -->\n<title>% - Duyurular<\/title>\n<meta name=\"robots\" content=\"index, follow, max-snippet:-1, max-image-preview:large, max-video-preview:-1\" \/>\n<link rel=\"canonical\" href=\"https:\/\/karyem.com.tr\/index.php\/2025\/05\/11\/karyem-a-s-2024-yili-genel-kurul-gundemi\/\" \/>\n<meta property=\"og:locale\" content=\"tr_TR\" \/>\n<meta property=\"og:type\" content=\"article\" \/>\n<meta property=\"og:title\" content=\"% - Duyurular\" \/>\n<meta property=\"og:description\" content=\"KAR-YEM KARAPINAR YEM SANAY\u0130 VE T\u0130CARET A.\u015e. Y\u00d6NET\u0130M KURULU BA\u015eKANLI\u011eI\u2019NDAN \u015eirketimizin 2024 Y\u0131l\u0131 Hesap D\u00f6nemine ait, Ola\u011fan Genel Kurul Toplant\u0131s\u0131 a\u015fa\u011f\u0131da yaz\u0131l\u0131 g\u00fcndem maddelerini g\u00f6r\u00fc\u015f\u00fcp karara ba\u011flamak \u00fczere, 24 MAYIS&hellip;\" \/>\n<meta property=\"og:url\" content=\"https:\/\/karyem.com.tr\/index.php\/2025\/05\/11\/karyem-a-s-2024-yili-genel-kurul-gundemi\/\" \/>\n<meta property=\"og:site_name\" content=\"Karyem\" \/>\n<meta property=\"article:published_time\" content=\"2025-05-11T17:57:26+00:00\" \/>\n<meta property=\"article:modified_time\" content=\"2025-05-11T18:13:40+00:00\" \/>\n<meta property=\"og:image\" content=\"https:\/\/karyem.com.tr\/wp-content\/uploads\/2025\/05\/duyurular.jpg\" \/>\n\t<meta property=\"og:image:width\" content=\"1920\" \/>\n\t<meta property=\"og:image:height\" content=\"1080\" \/>\n\t<meta property=\"og:image:type\" content=\"image\/jpeg\" \/>\n<meta name=\"author\" content=\"admin\" \/>\n<meta name=\"twitter:card\" content=\"summary_large_image\" \/>\n<meta name=\"twitter:label1\" content=\"Yazan:\" \/>\n\t<meta name=\"twitter:data1\" content=\"admin\" \/>\n\t<meta name=\"twitter:label2\" content=\"Tahmini okuma s\u00fcresi\" \/>\n\t<meta name=\"twitter:data2\" content=\"3 dakika\" \/>\n<script type=\"application\/ld+json\" class=\"yoast-schema-graph\">{\"@context\":\"https:\/\/schema.org\",\"@graph\":[{\"@type\":[\"Article\",\"BlogPosting\"],\"@id\":\"https:\/\/karyem.com.tr\/index.php\/2025\/05\/11\/karyem-a-s-2024-yili-genel-kurul-gundemi\/#article\",\"isPartOf\":{\"@id\":\"https:\/\/karyem.com.tr\/index.php\/2025\/05\/11\/karyem-a-s-2024-yili-genel-kurul-gundemi\/\"},\"author\":{\"name\":\"admin\",\"@id\":\"https:\/\/karyem.com.tr\/#\/schema\/person\/11a0f4cb90af0b1de93ebf9cc0504101\"},\"headline\":\"KARYEM A.\u015e. 2024 Y\u0131l\u0131 Genel Kurul G\u00fcndemi\",\"datePublished\":\"2025-05-11T17:57:26+00:00\",\"dateModified\":\"2025-05-11T18:13:40+00:00\",\"mainEntityOfPage\":{\"@id\":\"https:\/\/karyem.com.tr\/index.php\/2025\/05\/11\/karyem-a-s-2024-yili-genel-kurul-gundemi\/\"},\"wordCount\":550,\"publisher\":{\"@id\":\"https:\/\/karyem.com.tr\/#organization\"},\"image\":{\"@id\":\"https:\/\/karyem.com.tr\/index.php\/2025\/05\/11\/karyem-a-s-2024-yili-genel-kurul-gundemi\/#primaryimage\"},\"thumbnailUrl\":\"https:\/\/karyem.com.tr\/wp-content\/uploads\/2025\/05\/duyurular.jpg\",\"articleSection\":[\"Arsiv\",\"Duyurular\"],\"inLanguage\":\"tr\"},{\"@type\":\"WebPage\",\"@id\":\"https:\/\/karyem.com.tr\/index.php\/2025\/05\/11\/karyem-a-s-2024-yili-genel-kurul-gundemi\/\",\"url\":\"https:\/\/karyem.com.tr\/index.php\/2025\/05\/11\/karyem-a-s-2024-yili-genel-kurul-gundemi\/\",\"name\":\"% - Duyurular\",\"isPartOf\":{\"@id\":\"https:\/\/karyem.com.tr\/#website\"},\"primaryImageOfPage\":{\"@id\":\"https:\/\/karyem.com.tr\/index.php\/2025\/05\/11\/karyem-a-s-2024-yili-genel-kurul-gundemi\/#primaryimage\"},\"image\":{\"@id\":\"https:\/\/karyem.com.tr\/index.php\/2025\/05\/11\/karyem-a-s-2024-yili-genel-kurul-gundemi\/#primaryimage\"},\"thumbnailUrl\":\"https:\/\/karyem.com.tr\/wp-content\/uploads\/2025\/05\/duyurular.jpg\",\"datePublished\":\"2025-05-11T17:57:26+00:00\",\"dateModified\":\"2025-05-11T18:13:40+00:00\",\"breadcrumb\":{\"@id\":\"https:\/\/karyem.com.tr\/index.php\/2025\/05\/11\/karyem-a-s-2024-yili-genel-kurul-gundemi\/#breadcrumb\"},\"inLanguage\":\"tr\",\"potentialAction\":[{\"@type\":\"ReadAction\",\"target\":[\"https:\/\/karyem.com.tr\/index.php\/2025\/05\/11\/karyem-a-s-2024-yili-genel-kurul-gundemi\/\"]}]},{\"@type\":\"ImageObject\",\"inLanguage\":\"tr\",\"@id\":\"https:\/\/karyem.com.tr\/index.php\/2025\/05\/11\/karyem-a-s-2024-yili-genel-kurul-gundemi\/#primaryimage\",\"url\":\"https:\/\/karyem.com.tr\/wp-content\/uploads\/2025\/05\/duyurular.jpg\",\"contentUrl\":\"https:\/\/karyem.com.tr\/wp-content\/uploads\/2025\/05\/duyurular.jpg\",\"width\":1920,\"height\":1080},{\"@type\":\"BreadcrumbList\",\"@id\":\"https:\/\/karyem.com.tr\/index.php\/2025\/05\/11\/karyem-a-s-2024-yili-genel-kurul-gundemi\/#breadcrumb\",\"itemListElement\":[{\"@type\":\"ListItem\",\"position\":1,\"name\":\"Anasayfa\",\"item\":\"https:\/\/karyem.com.tr\/\"},{\"@type\":\"ListItem\",\"position\":2,\"name\":\"KARYEM A.\u015e. 2024 Y\u0131l\u0131 Genel Kurul G\u00fcndemi\"}]},{\"@type\":\"WebSite\",\"@id\":\"https:\/\/karyem.com.tr\/#website\",\"url\":\"https:\/\/karyem.com.tr\/\",\"name\":\"Karyem\",\"description\":\"Karyem\",\"publisher\":{\"@id\":\"https:\/\/karyem.com.tr\/#organization\"},\"potentialAction\":[{\"@type\":\"SearchAction\",\"target\":{\"@type\":\"EntryPoint\",\"urlTemplate\":\"https:\/\/karyem.com.tr\/?s={search_term_string}\"},\"query-input\":{\"@type\":\"PropertyValueSpecification\",\"valueRequired\":true,\"valueName\":\"search_term_string\"}}],\"inLanguage\":\"tr\"},{\"@type\":\"Organization\",\"@id\":\"https:\/\/karyem.com.tr\/#organization\",\"name\":\"Karyem\",\"url\":\"https:\/\/karyem.com.tr\/\",\"logo\":{\"@type\":\"ImageObject\",\"inLanguage\":\"tr\",\"@id\":\"https:\/\/karyem.com.tr\/#\/schema\/logo\/image\/\",\"url\":\"https:\/\/karyem.com.tr\/wp-content\/uploads\/2025\/02\/cropped-ust.jpg\",\"contentUrl\":\"https:\/\/karyem.com.tr\/wp-content\/uploads\/2025\/02\/cropped-ust.jpg\",\"width\":531,\"height\":100,\"caption\":\"Karyem\"},\"image\":{\"@id\":\"https:\/\/karyem.com.tr\/#\/schema\/logo\/image\/\"}},{\"@type\":\"Person\",\"@id\":\"https:\/\/karyem.com.tr\/#\/schema\/person\/11a0f4cb90af0b1de93ebf9cc0504101\",\"name\":\"admin\",\"image\":{\"@type\":\"ImageObject\",\"inLanguage\":\"tr\",\"@id\":\"https:\/\/karyem.com.tr\/#\/schema\/person\/image\/\",\"url\":\"https:\/\/secure.gravatar.com\/avatar\/040780cfd851f5a33c3c0210ea7f4d85?s=96&d=blank&r=g\",\"contentUrl\":\"https:\/\/secure.gravatar.com\/avatar\/040780cfd851f5a33c3c0210ea7f4d85?s=96&d=blank&r=g\",\"caption\":\"admin\"},\"sameAs\":[\"https:\/\/karyem.com.tr\"],\"url\":\"https:\/\/karyem.com.tr\/index.php\/author\/admin\/\"}]}<\/script>\n<!-- \/ Yoast SEO plugin. -->","yoast_head_json":{"title":"% - Duyurular","robots":{"index":"index","follow":"follow","max-snippet":"max-snippet:-1","max-image-preview":"max-image-preview:large","max-video-preview":"max-video-preview:-1"},"canonical":"https:\/\/karyem.com.tr\/index.php\/2025\/05\/11\/karyem-a-s-2024-yili-genel-kurul-gundemi\/","og_locale":"tr_TR","og_type":"article","og_title":"% - Duyurular","og_description":"KAR-YEM KARAPINAR YEM SANAY\u0130 VE T\u0130CARET A.\u015e. Y\u00d6NET\u0130M KURULU BA\u015eKANLI\u011eI\u2019NDAN \u015eirketimizin 2024 Y\u0131l\u0131 Hesap D\u00f6nemine ait, Ola\u011fan Genel Kurul Toplant\u0131s\u0131 a\u015fa\u011f\u0131da yaz\u0131l\u0131 g\u00fcndem maddelerini g\u00f6r\u00fc\u015f\u00fcp karara ba\u011flamak \u00fczere, 24 MAYIS&hellip;","og_url":"https:\/\/karyem.com.tr\/index.php\/2025\/05\/11\/karyem-a-s-2024-yili-genel-kurul-gundemi\/","og_site_name":"Karyem","article_published_time":"2025-05-11T17:57:26+00:00","article_modified_time":"2025-05-11T18:13:40+00:00","og_image":[{"width":1920,"height":1080,"url":"https:\/\/karyem.com.tr\/wp-content\/uploads\/2025\/05\/duyurular.jpg","type":"image\/jpeg"}],"author":"admin","twitter_card":"summary_large_image","twitter_misc":{"Yazan:":"admin","Tahmini okuma s\u00fcresi":"3 dakika"},"schema":{"@context":"https:\/\/schema.org","@graph":[{"@type":["Article","BlogPosting"],"@id":"https:\/\/karyem.com.tr\/index.php\/2025\/05\/11\/karyem-a-s-2024-yili-genel-kurul-gundemi\/#article","isPartOf":{"@id":"https:\/\/karyem.com.tr\/index.php\/2025\/05\/11\/karyem-a-s-2024-yili-genel-kurul-gundemi\/"},"author":{"name":"admin","@id":"https:\/\/karyem.com.tr\/#\/schema\/person\/11a0f4cb90af0b1de93ebf9cc0504101"},"headline":"KARYEM A.\u015e. 2024 Y\u0131l\u0131 Genel Kurul G\u00fcndemi","datePublished":"2025-05-11T17:57:26+00:00","dateModified":"2025-05-11T18:13:40+00:00","mainEntityOfPage":{"@id":"https:\/\/karyem.com.tr\/index.php\/2025\/05\/11\/karyem-a-s-2024-yili-genel-kurul-gundemi\/"},"wordCount":550,"publisher":{"@id":"https:\/\/karyem.com.tr\/#organization"},"image":{"@id":"https:\/\/karyem.com.tr\/index.php\/2025\/05\/11\/karyem-a-s-2024-yili-genel-kurul-gundemi\/#primaryimage"},"thumbnailUrl":"https:\/\/karyem.com.tr\/wp-content\/uploads\/2025\/05\/duyurular.jpg","articleSection":["Arsiv","Duyurular"],"inLanguage":"tr"},{"@type":"WebPage","@id":"https:\/\/karyem.com.tr\/index.php\/2025\/05\/11\/karyem-a-s-2024-yili-genel-kurul-gundemi\/","url":"https:\/\/karyem.com.tr\/index.php\/2025\/05\/11\/karyem-a-s-2024-yili-genel-kurul-gundemi\/","name":"% - Duyurular","isPartOf":{"@id":"https:\/\/karyem.com.tr\/#website"},"primaryImageOfPage":{"@id":"https:\/\/karyem.com.tr\/index.php\/2025\/05\/11\/karyem-a-s-2024-yili-genel-kurul-gundemi\/#primaryimage"},"image":{"@id":"https:\/\/karyem.com.tr\/index.php\/2025\/05\/11\/karyem-a-s-2024-yili-genel-kurul-gundemi\/#primaryimage"},"thumbnailUrl":"https:\/\/karyem.com.tr\/wp-content\/uploads\/2025\/05\/duyurular.jpg","datePublished":"2025-05-11T17:57:26+00:00","dateModified":"2025-05-11T18:13:40+00:00","breadcrumb":{"@id":"https:\/\/karyem.com.tr\/index.php\/2025\/05\/11\/karyem-a-s-2024-yili-genel-kurul-gundemi\/#breadcrumb"},"inLanguage":"tr","potentialAction":[{"@type":"ReadAction","target":["https:\/\/karyem.com.tr\/index.php\/2025\/05\/11\/karyem-a-s-2024-yili-genel-kurul-gundemi\/"]}]},{"@type":"ImageObject","inLanguage":"tr","@id":"https:\/\/karyem.com.tr\/index.php\/2025\/05\/11\/karyem-a-s-2024-yili-genel-kurul-gundemi\/#primaryimage","url":"https:\/\/karyem.com.tr\/wp-content\/uploads\/2025\/05\/duyurular.jpg","contentUrl":"https:\/\/karyem.com.tr\/wp-content\/uploads\/2025\/05\/duyurular.jpg","width":1920,"height":1080},{"@type":"BreadcrumbList","@id":"https:\/\/karyem.com.tr\/index.php\/2025\/05\/11\/karyem-a-s-2024-yili-genel-kurul-gundemi\/#breadcrumb","itemListElement":[{"@type":"ListItem","position":1,"name":"Anasayfa","item":"https:\/\/karyem.com.tr\/"},{"@type":"ListItem","position":2,"name":"KARYEM A.\u015e. 2024 Y\u0131l\u0131 Genel Kurul G\u00fcndemi"}]},{"@type":"WebSite","@id":"https:\/\/karyem.com.tr\/#website","url":"https:\/\/karyem.com.tr\/","name":"Karyem","description":"Karyem","publisher":{"@id":"https:\/\/karyem.com.tr\/#organization"},"potentialAction":[{"@type":"SearchAction","target":{"@type":"EntryPoint","urlTemplate":"https:\/\/karyem.com.tr\/?s={search_term_string}"},"query-input":{"@type":"PropertyValueSpecification","valueRequired":true,"valueName":"search_term_string"}}],"inLanguage":"tr"},{"@type":"Organization","@id":"https:\/\/karyem.com.tr\/#organization","name":"Karyem","url":"https:\/\/karyem.com.tr\/","logo":{"@type":"ImageObject","inLanguage":"tr","@id":"https:\/\/karyem.com.tr\/#\/schema\/logo\/image\/","url":"https:\/\/karyem.com.tr\/wp-content\/uploads\/2025\/02\/cropped-ust.jpg","contentUrl":"https:\/\/karyem.com.tr\/wp-content\/uploads\/2025\/02\/cropped-ust.jpg","width":531,"height":100,"caption":"Karyem"},"image":{"@id":"https:\/\/karyem.com.tr\/#\/schema\/logo\/image\/"}},{"@type":"Person","@id":"https:\/\/karyem.com.tr\/#\/schema\/person\/11a0f4cb90af0b1de93ebf9cc0504101","name":"admin","image":{"@type":"ImageObject","inLanguage":"tr","@id":"https:\/\/karyem.com.tr\/#\/schema\/person\/image\/","url":"https:\/\/secure.gravatar.com\/avatar\/040780cfd851f5a33c3c0210ea7f4d85?s=96&d=blank&r=g","contentUrl":"https:\/\/secure.gravatar.com\/avatar\/040780cfd851f5a33c3c0210ea7f4d85?s=96&d=blank&r=g","caption":"admin"},"sameAs":["https:\/\/karyem.com.tr"],"url":"https:\/\/karyem.com.tr\/index.php\/author\/admin\/"}]}},"jetpack_featured_media_url":"https:\/\/karyem.com.tr\/wp-content\/uploads\/2025\/05\/duyurular.jpg","jetpack_sharing_enabled":true,"_links":{"self":[{"href":"https:\/\/karyem.com.tr\/index.php\/wp-json\/wp\/v2\/posts\/1998","targetHints":{"allow":["GET"]}}],"collection":[{"href":"https:\/\/karyem.com.tr\/index.php\/wp-json\/wp\/v2\/posts"}],"about":[{"href":"https:\/\/karyem.com.tr\/index.php\/wp-json\/wp\/v2\/types\/post"}],"author":[{"embeddable":true,"href":"https:\/\/karyem.com.tr\/index.php\/wp-json\/wp\/v2\/users\/1"}],"replies":[{"embeddable":true,"href":"https:\/\/karyem.com.tr\/index.php\/wp-json\/wp\/v2\/comments?post=1998"}],"version-history":[{"count":1,"href":"https:\/\/karyem.com.tr\/index.php\/wp-json\/wp\/v2\/posts\/1998\/revisions"}],"predecessor-version":[{"id":1999,"href":"https:\/\/karyem.com.tr\/index.php\/wp-json\/wp\/v2\/posts\/1998\/revisions\/1999"}],"wp:featuredmedia":[{"embeddable":true,"href":"https:\/\/karyem.com.tr\/index.php\/wp-json\/wp\/v2\/media\/2001"}],"wp:attachment":[{"href":"https:\/\/karyem.com.tr\/index.php\/wp-json\/wp\/v2\/media?parent=1998"}],"wp:term":[{"taxonomy":"category","embeddable":true,"href":"https:\/\/karyem.com.tr\/index.php\/wp-json\/wp\/v2\/categories?post=1998"},{"taxonomy":"post_tag","embeddable":true,"href":"https:\/\/karyem.com.tr\/index.php\/wp-json\/wp\/v2\/tags?post=1998"}],"curies":[{"name":"wp","href":"https:\/\/api.w.org\/{rel}","templated":true}]}}