{"id":46,"date":"2020-07-27T15:54:29","date_gmt":"2020-07-27T15:54:29","guid":{"rendered":"https:\/\/karyem.com.tr\/?p=46"},"modified":"2025-02-18T23:38:52","modified_gmt":"2025-02-18T23:38:52","slug":"tarim-sigortasi","status":"publish","type":"post","link":"https:\/\/karyem.com.tr\/index.php\/2020\/07\/27\/tarim-sigortasi\/","title":{"rendered":"TARIM SIGORTASI"},"content":{"rendered":"<p>Yay\u0131n Tarihi : 30.12.2016<br \/>\nG\u0131da, Tar\u0131m ve Hayvanc\u0131l\u0131k Bakan\u0131 Faruk \u00c7elik, bitkisel ve hayvansal \u00fcretimde kay\u0131plara neden olan do\u011fal risklerin \u00f6nlenmesi amac\u0131yla Tar\u0131m Sigortalar\u0131 Havuzu (TARS\u0130M) taraf\u0131ndan sigorta kapsam\u0131na al\u0131nacak riskler, \u00fcr\u00fcnler, b\u00f6lgeler ile devlet taraf\u0131ndan sa\u011flanacak prim deste\u011fi miktarlar\u0131nda 2017 y\u0131l\u0131nda hem kapsam hem de oransal olarak ciddi de\u011fi\u015fiklikler olaca\u011f\u0131n\u0131 bildirdi.<br \/>\nAA muhabirine a\u00e7\u0131klamalarda bulunan \u00c7elik, \u00e7ift\u00e7ilerden gelen talepleri g\u00f6z \u00f6n\u00fcne alarak devlet destekli tar\u0131m sigortalar\u0131n\u0131n kapsam\u0131n\u0131 geni\u015flettiklerini, her y\u0131l Bakanlar Kurulu karar\u0131yla yenilenen tar\u0131m sigortalar\u0131 uygulamalar\u0131n\u0131n, yeni karar\u0131n \u00e7\u0131kmas\u0131yla beraber, gelecek sene bir\u00e7ok yenili\u011fi i\u00e7erece\u011fini, bu de\u011fi\u015fikliklerin ayn\u0131 zamanda tar\u0131m sigortal\u0131l\u0131k oran\u0131n\u0131n y\u00fckselmesine katk\u0131 sa\u011flayaca\u011f\u0131n\u0131 s\u00f6yledi.<br \/>\nBitkisel \u00fcr\u00fcnlerle ilgili bu sene dolu ana riski, f\u0131rt\u0131na, hortum, yang\u0131n, heyelan, deprem, sel ve su bask\u0131n\u0131 ek risklerinin yan\u0131 s\u0131ra, iste\u011fe ba\u011fl\u0131 olmak \u00fczere a\u00e7\u0131k alanda yeti\u015ftirilen meyvelerin don riskinin de teminat kapsam\u0131nda oldu\u011funu hat\u0131rlatan \u00c7elik, gelecek sene olgunla\u015fma ve hasat d\u00f6neminde meydana gelen ya\u011f\u0131\u015flar nedeniyle kiraz \u00fcr\u00fcn\u00fc; dolu, yang\u0131n, f\u0131rt\u0131na, hortum, heyelan, deprem, sel ve kar a\u011f\u0131rl\u0131\u011f\u0131 nedeniyle meyve a\u011fa\u00e7lar\u0131 ve asmalar\u0131n kendisinin ilk kez teminat alt\u0131na al\u0131naca\u011f\u0131na dikkati \u00e7ekti.<br \/>\n&#8220;Hayvan h\u0131rs\u0131zl\u0131\u011f\u0131 teminat kapsam\u0131na al\u0131nacak&#8221;<br \/>\n\u00c7elik, ge\u00e7en d\u00f6nemde b\u00fcy\u00fckba\u015f ve k\u00fc\u00e7\u00fckba\u015f hayvanlar\u0131n \u00f6l\u00fcm riskine kar\u015f\u0131 hayat sigortas\u0131 kapsam\u0131nda oldu\u011funu ancak her t\u00fcr tedbirin al\u0131nmas\u0131na ra\u011fmen, kontrol edilemeyen baz\u0131 durumlarda meydana gelen h\u0131rs\u0131zl\u0131k olaylar\u0131n\u0131n yeti\u015ftiricilerin ma\u011fduriyetine yol a\u00e7abildi\u011fini vurgulayarak, bu \u00e7er\u00e7evede iste\u011fe ba\u011fl\u0131 olmak \u00fczere h\u0131rs\u0131zl\u0131k veya h\u0131rs\u0131zl\u0131k te\u015febb\u00fcs\u00fc sonucu hayvanda meydana gelen zararlar\u0131n da 2017&#8217;de ilk defa teminat kapsam\u0131na al\u0131naca\u011f\u0131n\u0131n alt\u0131n\u0131 \u00e7izdi.<br \/>\n&#8220;A\u00e7\u0131k ve yar\u0131 a\u00e7\u0131k sistemde yeti\u015ftirilen k\u00fcmes hayvanlar\u0131 da teminat kapsam\u0131nda&#8221;<br \/>\nBu sene kapal\u0131 sistemde \u00fcretim yap\u0131lan, biyog\u00fcvenlik ve hijyen tedbirleri al\u0131nm\u0131\u015f tesislerde yeti\u015ftirilen k\u00fcmes hayvanlar\u0131n\u0131n \u00f6l\u00fcm riskine kar\u015f\u0131 teminat kapsam\u0131nda oldu\u011funu an\u0131msatan \u00c7elik, yeni kararla gelecek d\u00f6nemde ilk kez a\u00e7\u0131k ve yar\u0131 a\u00e7\u0131k sistemde yeti\u015ftirilen k\u00fcmes hayvanlar\u0131n\u0131n da \u00f6l\u00fcm riskine kar\u015f\u0131 teminat kapsam\u0131na al\u0131naca\u011f\u0131na i\u015faret etti.<br \/>\n&#8220;Bu\u011fdayda &#8216;\u0130l\u00e7e Bazl\u0131 Kurakl\u0131k Verim Sigortas\u0131&#8217; uygulanacak&#8221;<br \/>\n\u00c7elik, TARS\u0130M&#8217;in \u00fclke genelinde bu\u011fday ekimi yap\u0131lan kuru tar\u0131m alanlar\u0131nda art\u0131k &#8220;\u0130l\u00e7e Bazl\u0131 Kurakl\u0131k Verim Sigortas\u0131&#8221; uygulayaca\u011f\u0131n\u0131 ifade ederek, ba\u015fta kurakl\u0131k olmak \u00fczere, don, s\u0131cak r\u00fczgar ve s\u0131cak hava dalgas\u0131, a\u015f\u0131r\u0131 nem, a\u015f\u0131r\u0131 ya\u011f\u0131\u015f risklerinin T\u00fcrkiye&#8217;de stratejik \u00f6neme sahip bu\u011fday\u0131n \u00fcretiminde b\u00fcy\u00fck kay\u0131plara yol a\u00e7abildi\u011fini, yeni uygulamayla kuru tar\u0131m alanlar\u0131nda bu\u011fday \u00fcretiminde bu risklerin teminat alt\u0131na al\u0131naca\u011f\u0131n\u0131 bildirdi.<br \/>\n&#8220;Prim deste\u011fi oranlar\u0131nda art\u0131\u015f olacak&#8221;<br \/>\n\u00dcr\u00fcnlerle ilgili belirlenen riskler i\u00e7in 2016&#8217;da verilen sigorta priminin y\u00fczde 50&#8217;si oran\u0131ndaki prim deste\u011fi uygulamas\u0131na 2017&#8217;de de devam edilece\u011fini belirten \u00c7elik, \u015f\u00f6yle devam etti:<br \/>\n&#8220;2016 y\u0131l\u0131nda a\u00e7\u0131k alanda yeti\u015ftirilen meyvelerde \u00e7i\u00e7eklenme evresinin don riski kapsam\u0131na al\u0131nmas\u0131 sebebiyle risk maliyetindeki art\u0131\u015flar ve \u00e7ift\u00e7inin \u00f6deyece\u011fi prim de dikkate al\u0131narak, 2017&#8217;de verilen prim deste\u011fine ilave olarak, sadece don riski primine \u00fc\u00e7te bir oran\u0131nda ek prim deste\u011fi verilecek. Bunun yan\u0131 s\u0131ra 2017 y\u0131l\u0131nda ilk defa uygulamaya konulacak kuru alanlarda yeti\u015ftirilen bu\u011fday \u00fcr\u00fcn\u00fc i\u00e7in \u0130l\u00e7e Bazl\u0131 Kurakl\u0131k Verim Sigortas\u0131&#8217;nda sigorta priminin y\u00fczde 60&#8217;\u0131 oran\u0131nda prim deste\u011fini devlet olarak biz kar\u015f\u0131layaca\u011f\u0131z.&#8221;<br \/>\n&#8220;Devlet destekli tar\u0131m sigortas\u0131na olan ilgi her ge\u00e7en g\u00fcn art\u0131yor&#8221;<br \/>\n\u00dcreticilerin devlet destekli tar\u0131m sigortas\u0131na olan ilgisinin her ge\u00e7en g\u00fcn artt\u0131\u011f\u0131n\u0131 anlatan \u00c7elik, tar\u0131mda do\u011fal risklerin bitkisel ve hayvansal \u00fcretimde \u00f6nemli derecede ekonomik kay\u0131plara sebep olabildi\u011fini, Tar\u0131m Sigortalar\u0131 Kanunu do\u011frultusunda ortaya koyulan sigorta uygulamalar\u0131yla, do\u011fal riskler kar\u015f\u0131s\u0131nda olu\u015fan ma\u011fduriyetlerin giderilmesini ama\u00e7lad\u0131klar\u0131n\u0131 vurgulad\u0131.<br \/>\nTar\u0131m sigortas\u0131 yapt\u0131ran \u00e7ift\u00e7ilerin sigorta primlerinin her y\u0131l belirlenen oranlarda devlet taraf\u0131ndan desteklenmesiyle, az bir katk\u0131yla \u00fcr\u00fcnlerini sigorta yapt\u0131rma al\u0131\u015fkanl\u0131\u011f\u0131n\u0131 kazanarak zararlar\u0131n\u0131 giderdiklerini ifade eden \u00c7elik, b\u00f6ylelikle ihtiya\u00e7 duyduklar\u0131 ekonomik ve sosyal g\u00fcvenceye kavu\u015ftuklar\u0131n\u0131n alt\u0131n\u0131 \u00e7izdi.<br \/>\n&#8220;TARS\u0130M kapsam\u0131nda 10 y\u0131lda 7,3 milyon poli\u00e7e olu\u015fturuldu&#8221;<br \/>\n\u00c7elik, tar\u0131m sigortalar\u0131 kapsam\u0131nda 2006-2016 aras\u0131nda yakla\u015f\u0131k 7 milyon 277 bin poli\u00e7e olu\u015fturuldu\u011funa dikkati \u00e7ekerek, bu \u00e7er\u00e7evede 2,6 milyar lira devlet deste\u011fi sa\u011fland\u0131\u011f\u0131n\u0131 ve 3,2 milyar lira tazminat \u00f6demesi ger\u00e7ekle\u015ftirildi\u011fini belirtti.<br \/>\nBu kapsamda \u00fcretilen toplam sigorta prim miktar\u0131n\u0131n, y\u0131llar itibariyle art\u0131\u015f g\u00f6stermesinin de \u00fcreticilerin bu konudaki duyarl\u0131l\u0131\u011f\u0131n\u0131 g\u00f6sterdi\u011fine i\u015faret eden \u00c7elik, 2017 y\u0131l\u0131na ili\u015fkin tar\u0131m sigortalar\u0131 d\u00fczenlemesinin, teklifin imzalan\u0131p Bakanlar Kurulu karar\u0131 olarak Resmi Gazete&#8217;de yay\u0131mlanmas\u0131yla uygulamaya ge\u00e7ece\u011fini kaydetti.<\/p>\n","protected":false},"excerpt":{"rendered":"<p>Yay\u0131n Tarihi : 30.12.2016 G\u0131da, Tar\u0131m ve Hayvanc\u0131l\u0131k Bakan\u0131 Faruk \u00c7elik, bitkisel ve hayvansal \u00fcretimde kay\u0131plara neden olan do\u011fal risklerin \u00f6nlenmesi amac\u0131yla Tar\u0131m Sigortalar\u0131 Havuzu (TARS\u0130M) taraf\u0131ndan sigorta kapsam\u0131na al\u0131nacak&hellip;<\/p>\n","protected":false},"author":2,"featured_media":1073,"comment_status":"open","ping_status":"open","sticky":false,"template":"","format":"standard","meta":{"_jetpack_memberships_contains_paid_content":false,"footnotes":""},"categories":[5],"tags":[],"class_list":["post-46","post","type-post","status-publish","format-standard","has-post-thumbnail","hentry","category-dyrl"],"yoast_head":"<!-- This site is optimized with the Yoast SEO plugin v26.8 - https:\/\/yoast.com\/product\/yoast-seo-wordpress\/ -->\n<title>% -<\/title>\n<meta name=\"description\" content=\"\u00fcretilen toplam sigorta prim miktar\u0131n\u0131n, y\u0131llar itibariyle art\u0131\u015f g\u00f6stermesinin de \u00fcreticilerin bu konudaki duyarl\u0131l\u0131\u011f\u0131n\u0131 g\u00f6sterdi\u011fine i\u015faret eden \u00c7elik, 2017 y\u0131l\u0131na ili\u015fkin tar\u0131m sigortalar\u0131 d\u00fczenlemesinin, teklifin imzalan\u0131p Bakanlar Kurulu karar\u0131 olarak Resmi Gazete&#039;de yay\u0131mlanmas\u0131yla uygulamaya ge\u00e7ece\u011fini kaydetti.\" \/>\n<meta name=\"robots\" content=\"index, follow, max-snippet:-1, max-image-preview:large, max-video-preview:-1\" \/>\n<link rel=\"canonical\" href=\"https:\/\/karyem.com.tr\/index.php\/2020\/07\/27\/tarim-sigortasi\/\" \/>\n<meta property=\"og:locale\" content=\"tr_TR\" \/>\n<meta property=\"og:type\" content=\"article\" \/>\n<meta property=\"og:title\" content=\"% -\" \/>\n<meta property=\"og:description\" content=\"\u00fcretilen toplam sigorta prim miktar\u0131n\u0131n, y\u0131llar itibariyle art\u0131\u015f g\u00f6stermesinin de \u00fcreticilerin bu konudaki duyarl\u0131l\u0131\u011f\u0131n\u0131 g\u00f6sterdi\u011fine i\u015faret eden \u00c7elik, 2017 y\u0131l\u0131na ili\u015fkin tar\u0131m sigortalar\u0131 d\u00fczenlemesinin, teklifin imzalan\u0131p Bakanlar Kurulu karar\u0131 olarak Resmi Gazete&#039;de yay\u0131mlanmas\u0131yla uygulamaya ge\u00e7ece\u011fini kaydetti.\" \/>\n<meta property=\"og:url\" content=\"https:\/\/karyem.com.tr\/index.php\/2020\/07\/27\/tarim-sigortasi\/\" \/>\n<meta property=\"og:site_name\" content=\"Karyem\" \/>\n<meta property=\"article:published_time\" content=\"2020-07-27T15:54:29+00:00\" \/>\n<meta property=\"article:modified_time\" content=\"2025-02-18T23:38:52+00:00\" \/>\n<meta property=\"og:image\" content=\"https:\/\/karyem.com.tr\/wp-content\/uploads\/2020\/07\/mevzuat-4.jpg\" \/>\n\t<meta property=\"og:image:width\" content=\"1200\" \/>\n\t<meta property=\"og:image:height\" content=\"675\" \/>\n\t<meta property=\"og:image:type\" content=\"image\/jpeg\" \/>\n<meta name=\"author\" content=\"admin\" \/>\n<meta name=\"twitter:card\" content=\"summary_large_image\" \/>\n<meta name=\"twitter:label1\" content=\"Yazan:\" \/>\n\t<meta name=\"twitter:data1\" content=\"admin\" \/>\n\t<meta name=\"twitter:label2\" content=\"Tahmini okuma s\u00fcresi\" \/>\n\t<meta name=\"twitter:data2\" content=\"4 dakika\" \/>\n<script type=\"application\/ld+json\" class=\"yoast-schema-graph\">{\"@context\":\"https:\/\/schema.org\",\"@graph\":[{\"@type\":[\"Article\",\"BlogPosting\"],\"@id\":\"https:\/\/karyem.com.tr\/index.php\/2020\/07\/27\/tarim-sigortasi\/#article\",\"isPartOf\":{\"@id\":\"https:\/\/karyem.com.tr\/index.php\/2020\/07\/27\/tarim-sigortasi\/\"},\"author\":{\"name\":\"admin\",\"@id\":\"https:\/\/karyem.com.tr\/#\/schema\/person\/73282b59be4eeaa46c5002bbe131cb4a\"},\"headline\":\"TARIM SIGORTASI\",\"datePublished\":\"2020-07-27T15:54:29+00:00\",\"dateModified\":\"2025-02-18T23:38:52+00:00\",\"mainEntityOfPage\":{\"@id\":\"https:\/\/karyem.com.tr\/index.php\/2020\/07\/27\/tarim-sigortasi\/\"},\"wordCount\":915,\"commentCount\":0,\"publisher\":{\"@id\":\"https:\/\/karyem.com.tr\/#organization\"},\"image\":{\"@id\":\"https:\/\/karyem.com.tr\/index.php\/2020\/07\/27\/tarim-sigortasi\/#primaryimage\"},\"thumbnailUrl\":\"https:\/\/karyem.com.tr\/wp-content\/uploads\/2020\/07\/mevzuat-4.jpg\",\"articleSection\":[\"Duyurular\"],\"inLanguage\":\"tr\",\"potentialAction\":[{\"@type\":\"CommentAction\",\"name\":\"Comment\",\"target\":[\"https:\/\/karyem.com.tr\/index.php\/2020\/07\/27\/tarim-sigortasi\/#respond\"]}]},{\"@type\":\"WebPage\",\"@id\":\"https:\/\/karyem.com.tr\/index.php\/2020\/07\/27\/tarim-sigortasi\/\",\"url\":\"https:\/\/karyem.com.tr\/index.php\/2020\/07\/27\/tarim-sigortasi\/\",\"name\":\"% -\",\"isPartOf\":{\"@id\":\"https:\/\/karyem.com.tr\/#website\"},\"primaryImageOfPage\":{\"@id\":\"https:\/\/karyem.com.tr\/index.php\/2020\/07\/27\/tarim-sigortasi\/#primaryimage\"},\"image\":{\"@id\":\"https:\/\/karyem.com.tr\/index.php\/2020\/07\/27\/tarim-sigortasi\/#primaryimage\"},\"thumbnailUrl\":\"https:\/\/karyem.com.tr\/wp-content\/uploads\/2020\/07\/mevzuat-4.jpg\",\"datePublished\":\"2020-07-27T15:54:29+00:00\",\"dateModified\":\"2025-02-18T23:38:52+00:00\",\"description\":\"\u00fcretilen toplam sigorta prim miktar\u0131n\u0131n, y\u0131llar itibariyle art\u0131\u015f g\u00f6stermesinin de \u00fcreticilerin bu konudaki duyarl\u0131l\u0131\u011f\u0131n\u0131 g\u00f6sterdi\u011fine i\u015faret eden \u00c7elik, 2017 y\u0131l\u0131na ili\u015fkin tar\u0131m sigortalar\u0131 d\u00fczenlemesinin, teklifin imzalan\u0131p Bakanlar Kurulu karar\u0131 olarak Resmi Gazete'de yay\u0131mlanmas\u0131yla uygulamaya ge\u00e7ece\u011fini kaydetti.\",\"breadcrumb\":{\"@id\":\"https:\/\/karyem.com.tr\/index.php\/2020\/07\/27\/tarim-sigortasi\/#breadcrumb\"},\"inLanguage\":\"tr\",\"potentialAction\":[{\"@type\":\"ReadAction\",\"target\":[\"https:\/\/karyem.com.tr\/index.php\/2020\/07\/27\/tarim-sigortasi\/\"]}]},{\"@type\":\"ImageObject\",\"inLanguage\":\"tr\",\"@id\":\"https:\/\/karyem.com.tr\/index.php\/2020\/07\/27\/tarim-sigortasi\/#primaryimage\",\"url\":\"https:\/\/karyem.com.tr\/wp-content\/uploads\/2020\/07\/mevzuat-4.jpg\",\"contentUrl\":\"https:\/\/karyem.com.tr\/wp-content\/uploads\/2020\/07\/mevzuat-4.jpg\",\"width\":1200,\"height\":675,\"caption\":\"\u00fcretilen toplam sigorta prim miktar\u0131n\u0131n, y\u0131llar itibariyle art\u0131\u015f g\u00f6stermesinin de \u00fcreticilerin bu konudaki duyarl\u0131l\u0131\u011f\u0131n\u0131 g\u00f6sterdi\u011fine i\u015faret eden \u00c7elik, 2017 y\u0131l\u0131na ili\u015fkin tar\u0131m sigortalar\u0131 d\u00fczenlemesinin, teklifin imzalan\u0131p Bakanlar Kurulu karar\u0131 olarak Resmi Gazete'de yay\u0131mlanmas\u0131yla uygulamaya ge\u00e7ece\u011fini kaydetti.\"},{\"@type\":\"BreadcrumbList\",\"@id\":\"https:\/\/karyem.com.tr\/index.php\/2020\/07\/27\/tarim-sigortasi\/#breadcrumb\",\"itemListElement\":[{\"@type\":\"ListItem\",\"position\":1,\"name\":\"Anasayfa\",\"item\":\"https:\/\/karyem.com.tr\/\"},{\"@type\":\"ListItem\",\"position\":2,\"name\":\"TARIM SIGORTASI\"}]},{\"@type\":\"WebSite\",\"@id\":\"https:\/\/karyem.com.tr\/#website\",\"url\":\"https:\/\/karyem.com.tr\/\",\"name\":\"Karyem\",\"description\":\"Karyem\",\"publisher\":{\"@id\":\"https:\/\/karyem.com.tr\/#organization\"},\"potentialAction\":[{\"@type\":\"SearchAction\",\"target\":{\"@type\":\"EntryPoint\",\"urlTemplate\":\"https:\/\/karyem.com.tr\/?s={search_term_string}\"},\"query-input\":{\"@type\":\"PropertyValueSpecification\",\"valueRequired\":true,\"valueName\":\"search_term_string\"}}],\"inLanguage\":\"tr\"},{\"@type\":\"Organization\",\"@id\":\"https:\/\/karyem.com.tr\/#organization\",\"name\":\"Karyem\",\"url\":\"https:\/\/karyem.com.tr\/\",\"logo\":{\"@type\":\"ImageObject\",\"inLanguage\":\"tr\",\"@id\":\"https:\/\/karyem.com.tr\/#\/schema\/logo\/image\/\",\"url\":\"https:\/\/karyem.com.tr\/wp-content\/uploads\/2025\/02\/cropped-ust.jpg\",\"contentUrl\":\"https:\/\/karyem.com.tr\/wp-content\/uploads\/2025\/02\/cropped-ust.jpg\",\"width\":531,\"height\":100,\"caption\":\"Karyem\"},\"image\":{\"@id\":\"https:\/\/karyem.com.tr\/#\/schema\/logo\/image\/\"}},{\"@type\":\"Person\",\"@id\":\"https:\/\/karyem.com.tr\/#\/schema\/person\/73282b59be4eeaa46c5002bbe131cb4a\",\"name\":\"admin\",\"image\":{\"@type\":\"ImageObject\",\"inLanguage\":\"tr\",\"@id\":\"https:\/\/karyem.com.tr\/#\/schema\/person\/image\/\",\"url\":\"https:\/\/secure.gravatar.com\/avatar\/b71b2e3aaea688f9c70b2f8d9e60a099?s=96&d=blank&r=g\",\"contentUrl\":\"https:\/\/secure.gravatar.com\/avatar\/b71b2e3aaea688f9c70b2f8d9e60a099?s=96&d=blank&r=g\",\"caption\":\"admin\"},\"url\":\"https:\/\/karyem.com.tr\/index.php\/author\/cn181s\/\"}]}<\/script>\n<!-- \/ Yoast SEO plugin. -->","yoast_head_json":{"title":"% -","description":"\u00fcretilen toplam sigorta prim miktar\u0131n\u0131n, y\u0131llar itibariyle art\u0131\u015f g\u00f6stermesinin de \u00fcreticilerin bu konudaki duyarl\u0131l\u0131\u011f\u0131n\u0131 g\u00f6sterdi\u011fine i\u015faret eden \u00c7elik, 2017 y\u0131l\u0131na ili\u015fkin tar\u0131m sigortalar\u0131 d\u00fczenlemesinin, teklifin imzalan\u0131p Bakanlar Kurulu karar\u0131 olarak Resmi Gazete'de yay\u0131mlanmas\u0131yla uygulamaya ge\u00e7ece\u011fini kaydetti.","robots":{"index":"index","follow":"follow","max-snippet":"max-snippet:-1","max-image-preview":"max-image-preview:large","max-video-preview":"max-video-preview:-1"},"canonical":"https:\/\/karyem.com.tr\/index.php\/2020\/07\/27\/tarim-sigortasi\/","og_locale":"tr_TR","og_type":"article","og_title":"% -","og_description":"\u00fcretilen toplam sigorta prim miktar\u0131n\u0131n, y\u0131llar itibariyle art\u0131\u015f g\u00f6stermesinin de \u00fcreticilerin bu konudaki duyarl\u0131l\u0131\u011f\u0131n\u0131 g\u00f6sterdi\u011fine i\u015faret eden \u00c7elik, 2017 y\u0131l\u0131na ili\u015fkin tar\u0131m sigortalar\u0131 d\u00fczenlemesinin, teklifin imzalan\u0131p Bakanlar Kurulu karar\u0131 olarak Resmi Gazete'de yay\u0131mlanmas\u0131yla uygulamaya ge\u00e7ece\u011fini kaydetti.","og_url":"https:\/\/karyem.com.tr\/index.php\/2020\/07\/27\/tarim-sigortasi\/","og_site_name":"Karyem","article_published_time":"2020-07-27T15:54:29+00:00","article_modified_time":"2025-02-18T23:38:52+00:00","og_image":[{"width":1200,"height":675,"url":"https:\/\/karyem.com.tr\/wp-content\/uploads\/2020\/07\/mevzuat-4.jpg","type":"image\/jpeg"}],"author":"admin","twitter_card":"summary_large_image","twitter_misc":{"Yazan:":"admin","Tahmini okuma s\u00fcresi":"4 dakika"},"schema":{"@context":"https:\/\/schema.org","@graph":[{"@type":["Article","BlogPosting"],"@id":"https:\/\/karyem.com.tr\/index.php\/2020\/07\/27\/tarim-sigortasi\/#article","isPartOf":{"@id":"https:\/\/karyem.com.tr\/index.php\/2020\/07\/27\/tarim-sigortasi\/"},"author":{"name":"admin","@id":"https:\/\/karyem.com.tr\/#\/schema\/person\/73282b59be4eeaa46c5002bbe131cb4a"},"headline":"TARIM SIGORTASI","datePublished":"2020-07-27T15:54:29+00:00","dateModified":"2025-02-18T23:38:52+00:00","mainEntityOfPage":{"@id":"https:\/\/karyem.com.tr\/index.php\/2020\/07\/27\/tarim-sigortasi\/"},"wordCount":915,"commentCount":0,"publisher":{"@id":"https:\/\/karyem.com.tr\/#organization"},"image":{"@id":"https:\/\/karyem.com.tr\/index.php\/2020\/07\/27\/tarim-sigortasi\/#primaryimage"},"thumbnailUrl":"https:\/\/karyem.com.tr\/wp-content\/uploads\/2020\/07\/mevzuat-4.jpg","articleSection":["Duyurular"],"inLanguage":"tr","potentialAction":[{"@type":"CommentAction","name":"Comment","target":["https:\/\/karyem.com.tr\/index.php\/2020\/07\/27\/tarim-sigortasi\/#respond"]}]},{"@type":"WebPage","@id":"https:\/\/karyem.com.tr\/index.php\/2020\/07\/27\/tarim-sigortasi\/","url":"https:\/\/karyem.com.tr\/index.php\/2020\/07\/27\/tarim-sigortasi\/","name":"% -","isPartOf":{"@id":"https:\/\/karyem.com.tr\/#website"},"primaryImageOfPage":{"@id":"https:\/\/karyem.com.tr\/index.php\/2020\/07\/27\/tarim-sigortasi\/#primaryimage"},"image":{"@id":"https:\/\/karyem.com.tr\/index.php\/2020\/07\/27\/tarim-sigortasi\/#primaryimage"},"thumbnailUrl":"https:\/\/karyem.com.tr\/wp-content\/uploads\/2020\/07\/mevzuat-4.jpg","datePublished":"2020-07-27T15:54:29+00:00","dateModified":"2025-02-18T23:38:52+00:00","description":"\u00fcretilen toplam sigorta prim miktar\u0131n\u0131n, y\u0131llar itibariyle art\u0131\u015f g\u00f6stermesinin de \u00fcreticilerin bu konudaki duyarl\u0131l\u0131\u011f\u0131n\u0131 g\u00f6sterdi\u011fine i\u015faret eden \u00c7elik, 2017 y\u0131l\u0131na ili\u015fkin tar\u0131m sigortalar\u0131 d\u00fczenlemesinin, teklifin imzalan\u0131p Bakanlar Kurulu karar\u0131 olarak Resmi Gazete'de yay\u0131mlanmas\u0131yla uygulamaya ge\u00e7ece\u011fini kaydetti.","breadcrumb":{"@id":"https:\/\/karyem.com.tr\/index.php\/2020\/07\/27\/tarim-sigortasi\/#breadcrumb"},"inLanguage":"tr","potentialAction":[{"@type":"ReadAction","target":["https:\/\/karyem.com.tr\/index.php\/2020\/07\/27\/tarim-sigortasi\/"]}]},{"@type":"ImageObject","inLanguage":"tr","@id":"https:\/\/karyem.com.tr\/index.php\/2020\/07\/27\/tarim-sigortasi\/#primaryimage","url":"https:\/\/karyem.com.tr\/wp-content\/uploads\/2020\/07\/mevzuat-4.jpg","contentUrl":"https:\/\/karyem.com.tr\/wp-content\/uploads\/2020\/07\/mevzuat-4.jpg","width":1200,"height":675,"caption":"\u00fcretilen toplam sigorta prim miktar\u0131n\u0131n, y\u0131llar itibariyle art\u0131\u015f g\u00f6stermesinin de \u00fcreticilerin bu konudaki duyarl\u0131l\u0131\u011f\u0131n\u0131 g\u00f6sterdi\u011fine i\u015faret eden \u00c7elik, 2017 y\u0131l\u0131na ili\u015fkin tar\u0131m sigortalar\u0131 d\u00fczenlemesinin, teklifin imzalan\u0131p Bakanlar Kurulu karar\u0131 olarak Resmi Gazete'de yay\u0131mlanmas\u0131yla uygulamaya ge\u00e7ece\u011fini kaydetti."},{"@type":"BreadcrumbList","@id":"https:\/\/karyem.com.tr\/index.php\/2020\/07\/27\/tarim-sigortasi\/#breadcrumb","itemListElement":[{"@type":"ListItem","position":1,"name":"Anasayfa","item":"https:\/\/karyem.com.tr\/"},{"@type":"ListItem","position":2,"name":"TARIM SIGORTASI"}]},{"@type":"WebSite","@id":"https:\/\/karyem.com.tr\/#website","url":"https:\/\/karyem.com.tr\/","name":"Karyem","description":"Karyem","publisher":{"@id":"https:\/\/karyem.com.tr\/#organization"},"potentialAction":[{"@type":"SearchAction","target":{"@type":"EntryPoint","urlTemplate":"https:\/\/karyem.com.tr\/?s={search_term_string}"},"query-input":{"@type":"PropertyValueSpecification","valueRequired":true,"valueName":"search_term_string"}}],"inLanguage":"tr"},{"@type":"Organization","@id":"https:\/\/karyem.com.tr\/#organization","name":"Karyem","url":"https:\/\/karyem.com.tr\/","logo":{"@type":"ImageObject","inLanguage":"tr","@id":"https:\/\/karyem.com.tr\/#\/schema\/logo\/image\/","url":"https:\/\/karyem.com.tr\/wp-content\/uploads\/2025\/02\/cropped-ust.jpg","contentUrl":"https:\/\/karyem.com.tr\/wp-content\/uploads\/2025\/02\/cropped-ust.jpg","width":531,"height":100,"caption":"Karyem"},"image":{"@id":"https:\/\/karyem.com.tr\/#\/schema\/logo\/image\/"}},{"@type":"Person","@id":"https:\/\/karyem.com.tr\/#\/schema\/person\/73282b59be4eeaa46c5002bbe131cb4a","name":"admin","image":{"@type":"ImageObject","inLanguage":"tr","@id":"https:\/\/karyem.com.tr\/#\/schema\/person\/image\/","url":"https:\/\/secure.gravatar.com\/avatar\/b71b2e3aaea688f9c70b2f8d9e60a099?s=96&d=blank&r=g","contentUrl":"https:\/\/secure.gravatar.com\/avatar\/b71b2e3aaea688f9c70b2f8d9e60a099?s=96&d=blank&r=g","caption":"admin"},"url":"https:\/\/karyem.com.tr\/index.php\/author\/cn181s\/"}]}},"jetpack_featured_media_url":"https:\/\/karyem.com.tr\/wp-content\/uploads\/2020\/07\/mevzuat-4.jpg","jetpack_sharing_enabled":true,"_links":{"self":[{"href":"https:\/\/karyem.com.tr\/index.php\/wp-json\/wp\/v2\/posts\/46","targetHints":{"allow":["GET"]}}],"collection":[{"href":"https:\/\/karyem.com.tr\/index.php\/wp-json\/wp\/v2\/posts"}],"about":[{"href":"https:\/\/karyem.com.tr\/index.php\/wp-json\/wp\/v2\/types\/post"}],"author":[{"embeddable":true,"href":"https:\/\/karyem.com.tr\/index.php\/wp-json\/wp\/v2\/users\/2"}],"replies":[{"embeddable":true,"href":"https:\/\/karyem.com.tr\/index.php\/wp-json\/wp\/v2\/comments?post=46"}],"version-history":[{"count":1,"href":"https:\/\/karyem.com.tr\/index.php\/wp-json\/wp\/v2\/posts\/46\/revisions"}],"predecessor-version":[{"id":1074,"href":"https:\/\/karyem.com.tr\/index.php\/wp-json\/wp\/v2\/posts\/46\/revisions\/1074"}],"wp:featuredmedia":[{"embeddable":true,"href":"https:\/\/karyem.com.tr\/index.php\/wp-json\/wp\/v2\/media\/1073"}],"wp:attachment":[{"href":"https:\/\/karyem.com.tr\/index.php\/wp-json\/wp\/v2\/media?parent=46"}],"wp:term":[{"taxonomy":"category","embeddable":true,"href":"https:\/\/karyem.com.tr\/index.php\/wp-json\/wp\/v2\/categories?post=46"},{"taxonomy":"post_tag","embeddable":true,"href":"https:\/\/karyem.com.tr\/index.php\/wp-json\/wp\/v2\/tags?post=46"}],"curies":[{"name":"wp","href":"https:\/\/api.w.org\/{rel}","templated":true}]}}