{"id":710,"date":"2025-01-20T22:26:31","date_gmt":"2025-01-20T22:26:31","guid":{"rendered":"https:\/\/karyem.com.tr\/?p=710"},"modified":"2025-03-02T07:35:06","modified_gmt":"2025-03-02T07:35:06","slug":"kuraklik","status":"publish","type":"post","link":"https:\/\/karyem.com.tr\/index.php\/2025\/01\/20\/kuraklik\/","title":{"rendered":"KURAKLIK"},"content":{"rendered":"<p data-start=\"0\" data-end=\"540\">Kurakl\u0131k, uzun s\u00fcreli ya\u011f\u0131\u015f eksikli\u011fi nedeniyle toprakta su kaynaklar\u0131n\u0131n azalmas\u0131 ve suyun kullan\u0131m\u0131n\u0131 zorla\u015ft\u0131rmas\u0131 durumudur. Bu do\u011fal felaket, tar\u0131mdan hayvanc\u0131l\u0131\u011fa, ekosistemlerden insan sa\u011fl\u0131\u011f\u0131na kadar geni\u015f bir yelpazede olumsuz etkiler yarat\u0131r. Kurakl\u0131k, d\u00fcnyan\u0131n bir\u00e7ok b\u00f6lgesinde her y\u0131l g\u00f6r\u00fclebilen bir olay olmakla birlikte, baz\u0131 yerlerde daha s\u0131k ve uzun s\u00fcreli olarak ortaya \u00e7\u0131kar. Bu olay\u0131n etkileri, b\u00f6lgenin iklimine, su kaynaklar\u0131n\u0131n y\u00f6netimine ve insanlar\u0131n \u00e7evreyle olan ili\u015fkilerine ba\u011fl\u0131 olarak farkl\u0131l\u0131k g\u00f6sterebilir.<\/p>\n<h3 data-start=\"542\" data-end=\"566\">Kurakl\u0131\u011f\u0131n Nedenleri<\/h3>\n<p data-start=\"568\" data-end=\"1231\">Kurakl\u0131k, genellikle do\u011fal fakt\u00f6rlerin yan\u0131 s\u0131ra insan faaliyetlerinden de kaynaklanabilir. Do\u011fal nedenler aras\u0131nda mevsimsel de\u011fi\u015fiklikler, okyanus ak\u0131nt\u0131lar\u0131ndaki de\u011fi\u015fimler ve uzun vadeli hava ko\u015fullar\u0131 yer al\u0131r. \u00d6rne\u011fin, El Ni\u00f1o ve La Ni\u00f1a gibi okyanus iklim olaylar\u0131, baz\u0131 b\u00f6lgelerde y\u0131ll\u0131k ya\u011f\u0131\u015f miktar\u0131n\u0131 \u00f6nemli \u00f6l\u00e7\u00fcde etkileyebilir. Ancak, insan etkisiyle kurakl\u0131k daha da \u015fiddetlenebilir. Ormans\u0131zla\u015fma, a\u015f\u0131r\u0131 su kullan\u0131m\u0131, yanl\u0131\u015f sulama y\u00f6ntemleri ve iklim de\u011fi\u015fikli\u011fi, kurakl\u0131k riskini art\u0131ran fakt\u00f6rler aras\u0131nda say\u0131labilir. \u0130nsanlar, suyun k\u00f6t\u00fc y\u00f6netimi ve ormanlar\u0131n yok edilmesi ile su d\u00f6ng\u00fcs\u00fcn\u00fc bozar, bu da kurakl\u0131k durumunu daha da k\u00f6t\u00fcle\u015ftirir.<\/p>\n<h3 data-start=\"1233\" data-end=\"1256\">Kurakl\u0131\u011f\u0131n Etkileri<\/h3>\n<p data-start=\"1258\" data-end=\"1995\">Kurakl\u0131k, \u00f6zellikle tar\u0131m sekt\u00f6r\u00fcnde b\u00fcy\u00fck y\u0131k\u0131mlara yol a\u00e7ar. Su kaynaklar\u0131n\u0131n azalmas\u0131, sulama imkanlar\u0131n\u0131 k\u0131s\u0131tlar ve verimlili\u011fin d\u00fc\u015fmesine neden olur. Bu, g\u0131da \u00fcretiminin azalmas\u0131na, dolay\u0131s\u0131yla fiyatlar\u0131n artmas\u0131na yol a\u00e7abilir. Ayr\u0131ca, su temini sorunlar\u0131na, enerji \u00fcretiminde d\u00fc\u015f\u00fc\u015fe ve biyo\u00e7e\u015fitlili\u011fin azalmas\u0131na neden olabilir. Ekosistemler, su eksikli\u011fi nedeniyle hayvan ve bitki t\u00fcrlerinin yok olmas\u0131na yol a\u00e7abilir. \u0130nsanlar da do\u011frudan bu olumsuzluklardan etkilenir; i\u00e7me suyu ve tar\u0131msal su kaynaklar\u0131n\u0131n azalmas\u0131, k\u0131rsal alanlarda b\u00fcy\u00fck g\u00f6\u00e7lere neden olabilir. Kurakl\u0131k ayr\u0131ca sa\u011fl\u0131k sorunlar\u0131n\u0131 art\u0131rabilir, \u00e7\u00fcnk\u00fc su k\u0131s\u0131tlamalar\u0131 ve g\u0131da k\u0131tl\u0131\u011f\u0131, beslenme sorunlar\u0131na ve salg\u0131n hastal\u0131klar\u0131n yay\u0131lmas\u0131na zemin haz\u0131rlar.<\/p>\n<h3 data-start=\"1997\" data-end=\"2031\">Kurakl\u0131kla M\u00fccadele Y\u00f6ntemleri<\/h3>\n<p data-start=\"2033\" data-end=\"2830\">Kurakl\u0131kla m\u00fccadelede en \u00f6nemli strateji, suyun daha verimli kullan\u0131lmas\u0131n\u0131 sa\u011flamakt\u0131r. Tar\u0131mda su tasarrufu sa\u011flayan sulama y\u00f6ntemlerinin yayg\u0131nla\u015ft\u0131r\u0131lmas\u0131, suyun yeniden kullan\u0131m\u0131n\u0131n te\u015fvik edilmesi ve su kaynaklar\u0131n\u0131n do\u011fru y\u00f6netimi gereklidir. Bu ba\u011flamda, ya\u011fmur suyu toplama sistemleri ve su ar\u0131tma teknolojileri de b\u00fcy\u00fck bir rol oynar. Ayr\u0131ca, ormanlar\u0131n korunmas\u0131, su havzalar\u0131n\u0131n sa\u011fl\u0131kl\u0131 y\u00f6netilmesi ve iklim de\u011fi\u015fikli\u011fiyle m\u00fccadele, kurakl\u0131k riskini azaltmak i\u00e7in kritik \u00f6neme sahiptir. Kurakl\u0131kla m\u00fccadele, sadece yerel \u00f6nlemlerle de\u011fil, k\u00fcresel i\u015fbirli\u011fi ve bilin\u00e7li bir yakla\u015f\u0131m ile m\u00fcmk\u00fcnd\u00fcr. D\u00fcnya \u00e7ap\u0131nda iklim de\u011fi\u015fikli\u011fiyle m\u00fccadele, suyun s\u00fcrd\u00fcr\u00fclebilir kullan\u0131m\u0131 ve do\u011fal kaynaklar\u0131n korunmas\u0131 konusunda al\u0131nacak \u00f6nlemler, kurakl\u0131k etkilerini hafifletmeye yard\u0131mc\u0131 olabilir.<\/p>\n<p data-start=\"2832\" data-end=\"3128\" data-is-last-node=\"\" data-is-only-node=\"\">Sonu\u00e7 olarak, kurakl\u0131k \u00f6nlenmesi g\u00fc\u00e7 bir do\u011fa olay\u0131 olsa da, insan\u0131n do\u011fa ile uyum i\u00e7inde ya\u015fama bilincini art\u0131rmas\u0131, do\u011fru y\u00f6netim stratejileri geli\u015ftirmesi ve \u00e7evreye duyarl\u0131 politikalar izlemesi ile etkileri azalt\u0131labilir. Bu konuda k\u00fcresel i\u015fbirli\u011fi ve yerel \u00f6nlemler b\u00fcy\u00fck \u00f6nem ta\u015f\u0131maktad\u0131r.<\/p>\n","protected":false},"excerpt":{"rendered":"<p>Kurakl\u0131k, uzun s\u00fcreli ya\u011f\u0131\u015f eksikli\u011fi nedeniyle toprakta su kaynaklar\u0131n\u0131n azalmas\u0131 ve suyun kullan\u0131m\u0131n\u0131 zorla\u015ft\u0131rmas\u0131 durumudur. Bu do\u011fal felaket, tar\u0131mdan hayvanc\u0131l\u0131\u011fa, ekosistemlerden insan sa\u011fl\u0131\u011f\u0131na kadar geni\u015f bir yelpazede olumsuz etkiler yarat\u0131r.&hellip;<\/p>\n","protected":false},"author":2,"featured_media":1587,"comment_status":"closed","ping_status":"open","sticky":false,"template":"","format":"standard","meta":{"_jetpack_memberships_contains_paid_content":false,"footnotes":""},"categories":[2301,1526,3,1243],"tags":[],"class_list":["post-710","post","type-post","status-publish","format-standard","has-post-thumbnail","hentry","category-arsiv","category-diger","category-hbr","category-manset"],"yoast_head":"<!-- This site is optimized with the Yoast SEO plugin v26.8 - https:\/\/yoast.com\/product\/yoast-seo-wordpress\/ -->\n<title>kuraklik<\/title>\n<meta name=\"description\" content=\"Kurakl\u0131k, uzun s\u00fcreli ya\u011f\u0131\u015f eksikli\u011fi nedeniyle toprakta su kaynaklar\u0131n\u0131n azalmas\u0131 ve suyun kullan\u0131m\u0131n\u0131 zorla\u015ft\u0131rmas\u0131 durumudur.\" \/>\n<meta name=\"robots\" content=\"index, follow, max-snippet:-1, max-image-preview:large, max-video-preview:-1\" \/>\n<link rel=\"canonical\" href=\"https:\/\/karyem.com.tr\/index.php\/2025\/01\/20\/kuraklik\/\" \/>\n<meta property=\"og:locale\" content=\"tr_TR\" \/>\n<meta property=\"og:type\" content=\"article\" \/>\n<meta property=\"og:title\" content=\"kuraklik\" \/>\n<meta property=\"og:description\" content=\"Kurakl\u0131k, uzun s\u00fcreli ya\u011f\u0131\u015f eksikli\u011fi nedeniyle toprakta su kaynaklar\u0131n\u0131n azalmas\u0131 ve suyun kullan\u0131m\u0131n\u0131 zorla\u015ft\u0131rmas\u0131 durumudur.\" \/>\n<meta property=\"og:url\" content=\"https:\/\/karyem.com.tr\/index.php\/2025\/01\/20\/kuraklik\/\" \/>\n<meta property=\"og:site_name\" content=\"Karyem\" \/>\n<meta property=\"article:published_time\" content=\"2025-01-20T22:26:31+00:00\" \/>\n<meta property=\"article:modified_time\" content=\"2025-03-02T07:35:06+00:00\" \/>\n<meta property=\"og:image\" content=\"https:\/\/karyem.com.tr\/wp-content\/uploads\/2025\/01\/kuraklik130.jpg\" \/>\n\t<meta property=\"og:image:width\" content=\"1920\" \/>\n\t<meta property=\"og:image:height\" content=\"1080\" \/>\n\t<meta property=\"og:image:type\" content=\"image\/jpeg\" \/>\n<meta name=\"author\" content=\"admin\" \/>\n<meta name=\"twitter:card\" content=\"summary_large_image\" \/>\n<meta name=\"twitter:label1\" content=\"Yazan:\" \/>\n\t<meta name=\"twitter:data1\" content=\"admin\" \/>\n\t<meta name=\"twitter:label2\" content=\"Tahmini okuma s\u00fcresi\" \/>\n\t<meta name=\"twitter:data2\" content=\"3 dakika\" \/>\n<script type=\"application\/ld+json\" class=\"yoast-schema-graph\">{\"@context\":\"https:\/\/schema.org\",\"@graph\":[{\"@type\":[\"Article\",\"BlogPosting\"],\"@id\":\"https:\/\/karyem.com.tr\/index.php\/2025\/01\/20\/kuraklik\/#article\",\"isPartOf\":{\"@id\":\"https:\/\/karyem.com.tr\/index.php\/2025\/01\/20\/kuraklik\/\"},\"author\":{\"name\":\"admin\",\"@id\":\"https:\/\/karyem.com.tr\/#\/schema\/person\/73282b59be4eeaa46c5002bbe131cb4a\"},\"headline\":\"KURAKLIK\",\"datePublished\":\"2025-01-20T22:26:31+00:00\",\"dateModified\":\"2025-03-02T07:35:06+00:00\",\"mainEntityOfPage\":{\"@id\":\"https:\/\/karyem.com.tr\/index.php\/2025\/01\/20\/kuraklik\/\"},\"wordCount\":618,\"publisher\":{\"@id\":\"https:\/\/karyem.com.tr\/#organization\"},\"image\":{\"@id\":\"https:\/\/karyem.com.tr\/index.php\/2025\/01\/20\/kuraklik\/#primaryimage\"},\"thumbnailUrl\":\"https:\/\/karyem.com.tr\/wp-content\/uploads\/2025\/01\/kuraklik130.jpg\",\"articleSection\":[\"Arsiv\",\"Diger\",\"Haberler\",\"Manset\"],\"inLanguage\":\"tr\"},{\"@type\":\"WebPage\",\"@id\":\"https:\/\/karyem.com.tr\/index.php\/2025\/01\/20\/kuraklik\/\",\"url\":\"https:\/\/karyem.com.tr\/index.php\/2025\/01\/20\/kuraklik\/\",\"name\":\"kuraklik\",\"isPartOf\":{\"@id\":\"https:\/\/karyem.com.tr\/#website\"},\"primaryImageOfPage\":{\"@id\":\"https:\/\/karyem.com.tr\/index.php\/2025\/01\/20\/kuraklik\/#primaryimage\"},\"image\":{\"@id\":\"https:\/\/karyem.com.tr\/index.php\/2025\/01\/20\/kuraklik\/#primaryimage\"},\"thumbnailUrl\":\"https:\/\/karyem.com.tr\/wp-content\/uploads\/2025\/01\/kuraklik130.jpg\",\"datePublished\":\"2025-01-20T22:26:31+00:00\",\"dateModified\":\"2025-03-02T07:35:06+00:00\",\"description\":\"Kurakl\u0131k, uzun s\u00fcreli ya\u011f\u0131\u015f eksikli\u011fi nedeniyle toprakta su kaynaklar\u0131n\u0131n azalmas\u0131 ve suyun kullan\u0131m\u0131n\u0131 zorla\u015ft\u0131rmas\u0131 durumudur.\",\"breadcrumb\":{\"@id\":\"https:\/\/karyem.com.tr\/index.php\/2025\/01\/20\/kuraklik\/#breadcrumb\"},\"inLanguage\":\"tr\",\"potentialAction\":[{\"@type\":\"ReadAction\",\"target\":[\"https:\/\/karyem.com.tr\/index.php\/2025\/01\/20\/kuraklik\/\"]}]},{\"@type\":\"ImageObject\",\"inLanguage\":\"tr\",\"@id\":\"https:\/\/karyem.com.tr\/index.php\/2025\/01\/20\/kuraklik\/#primaryimage\",\"url\":\"https:\/\/karyem.com.tr\/wp-content\/uploads\/2025\/01\/kuraklik130.jpg\",\"contentUrl\":\"https:\/\/karyem.com.tr\/wp-content\/uploads\/2025\/01\/kuraklik130.jpg\",\"width\":1920,\"height\":1080,\"caption\":\"Kurakl\u0131k, uzun s\u00fcreli ya\u011f\u0131\u015f eksikli\u011fi nedeniyle toprakta su kaynaklar\u0131n\u0131n azalmas\u0131 ve suyun kullan\u0131m\u0131n\u0131 zorla\u015ft\u0131rmas\u0131 durumudur.\"},{\"@type\":\"BreadcrumbList\",\"@id\":\"https:\/\/karyem.com.tr\/index.php\/2025\/01\/20\/kuraklik\/#breadcrumb\",\"itemListElement\":[{\"@type\":\"ListItem\",\"position\":1,\"name\":\"Anasayfa\",\"item\":\"https:\/\/karyem.com.tr\/\"},{\"@type\":\"ListItem\",\"position\":2,\"name\":\"KURAKLIK\"}]},{\"@type\":\"WebSite\",\"@id\":\"https:\/\/karyem.com.tr\/#website\",\"url\":\"https:\/\/karyem.com.tr\/\",\"name\":\"Karyem\",\"description\":\"Karyem\",\"publisher\":{\"@id\":\"https:\/\/karyem.com.tr\/#organization\"},\"potentialAction\":[{\"@type\":\"SearchAction\",\"target\":{\"@type\":\"EntryPoint\",\"urlTemplate\":\"https:\/\/karyem.com.tr\/?s={search_term_string}\"},\"query-input\":{\"@type\":\"PropertyValueSpecification\",\"valueRequired\":true,\"valueName\":\"search_term_string\"}}],\"inLanguage\":\"tr\"},{\"@type\":\"Organization\",\"@id\":\"https:\/\/karyem.com.tr\/#organization\",\"name\":\"Karyem\",\"url\":\"https:\/\/karyem.com.tr\/\",\"logo\":{\"@type\":\"ImageObject\",\"inLanguage\":\"tr\",\"@id\":\"https:\/\/karyem.com.tr\/#\/schema\/logo\/image\/\",\"url\":\"https:\/\/karyem.com.tr\/wp-content\/uploads\/2025\/02\/cropped-ust.jpg\",\"contentUrl\":\"https:\/\/karyem.com.tr\/wp-content\/uploads\/2025\/02\/cropped-ust.jpg\",\"width\":531,\"height\":100,\"caption\":\"Karyem\"},\"image\":{\"@id\":\"https:\/\/karyem.com.tr\/#\/schema\/logo\/image\/\"}},{\"@type\":\"Person\",\"@id\":\"https:\/\/karyem.com.tr\/#\/schema\/person\/73282b59be4eeaa46c5002bbe131cb4a\",\"name\":\"admin\",\"image\":{\"@type\":\"ImageObject\",\"inLanguage\":\"tr\",\"@id\":\"https:\/\/karyem.com.tr\/#\/schema\/person\/image\/\",\"url\":\"https:\/\/secure.gravatar.com\/avatar\/b71b2e3aaea688f9c70b2f8d9e60a099?s=96&d=blank&r=g\",\"contentUrl\":\"https:\/\/secure.gravatar.com\/avatar\/b71b2e3aaea688f9c70b2f8d9e60a099?s=96&d=blank&r=g\",\"caption\":\"admin\"},\"url\":\"https:\/\/karyem.com.tr\/index.php\/author\/cn181s\/\"}]}<\/script>\n<!-- \/ Yoast SEO plugin. -->","yoast_head_json":{"title":"kuraklik","description":"Kurakl\u0131k, uzun s\u00fcreli ya\u011f\u0131\u015f eksikli\u011fi nedeniyle toprakta su kaynaklar\u0131n\u0131n azalmas\u0131 ve suyun kullan\u0131m\u0131n\u0131 zorla\u015ft\u0131rmas\u0131 durumudur.","robots":{"index":"index","follow":"follow","max-snippet":"max-snippet:-1","max-image-preview":"max-image-preview:large","max-video-preview":"max-video-preview:-1"},"canonical":"https:\/\/karyem.com.tr\/index.php\/2025\/01\/20\/kuraklik\/","og_locale":"tr_TR","og_type":"article","og_title":"kuraklik","og_description":"Kurakl\u0131k, uzun s\u00fcreli ya\u011f\u0131\u015f eksikli\u011fi nedeniyle toprakta su kaynaklar\u0131n\u0131n azalmas\u0131 ve suyun kullan\u0131m\u0131n\u0131 zorla\u015ft\u0131rmas\u0131 durumudur.","og_url":"https:\/\/karyem.com.tr\/index.php\/2025\/01\/20\/kuraklik\/","og_site_name":"Karyem","article_published_time":"2025-01-20T22:26:31+00:00","article_modified_time":"2025-03-02T07:35:06+00:00","og_image":[{"width":1920,"height":1080,"url":"https:\/\/karyem.com.tr\/wp-content\/uploads\/2025\/01\/kuraklik130.jpg","type":"image\/jpeg"}],"author":"admin","twitter_card":"summary_large_image","twitter_misc":{"Yazan:":"admin","Tahmini okuma s\u00fcresi":"3 dakika"},"schema":{"@context":"https:\/\/schema.org","@graph":[{"@type":["Article","BlogPosting"],"@id":"https:\/\/karyem.com.tr\/index.php\/2025\/01\/20\/kuraklik\/#article","isPartOf":{"@id":"https:\/\/karyem.com.tr\/index.php\/2025\/01\/20\/kuraklik\/"},"author":{"name":"admin","@id":"https:\/\/karyem.com.tr\/#\/schema\/person\/73282b59be4eeaa46c5002bbe131cb4a"},"headline":"KURAKLIK","datePublished":"2025-01-20T22:26:31+00:00","dateModified":"2025-03-02T07:35:06+00:00","mainEntityOfPage":{"@id":"https:\/\/karyem.com.tr\/index.php\/2025\/01\/20\/kuraklik\/"},"wordCount":618,"publisher":{"@id":"https:\/\/karyem.com.tr\/#organization"},"image":{"@id":"https:\/\/karyem.com.tr\/index.php\/2025\/01\/20\/kuraklik\/#primaryimage"},"thumbnailUrl":"https:\/\/karyem.com.tr\/wp-content\/uploads\/2025\/01\/kuraklik130.jpg","articleSection":["Arsiv","Diger","Haberler","Manset"],"inLanguage":"tr"},{"@type":"WebPage","@id":"https:\/\/karyem.com.tr\/index.php\/2025\/01\/20\/kuraklik\/","url":"https:\/\/karyem.com.tr\/index.php\/2025\/01\/20\/kuraklik\/","name":"kuraklik","isPartOf":{"@id":"https:\/\/karyem.com.tr\/#website"},"primaryImageOfPage":{"@id":"https:\/\/karyem.com.tr\/index.php\/2025\/01\/20\/kuraklik\/#primaryimage"},"image":{"@id":"https:\/\/karyem.com.tr\/index.php\/2025\/01\/20\/kuraklik\/#primaryimage"},"thumbnailUrl":"https:\/\/karyem.com.tr\/wp-content\/uploads\/2025\/01\/kuraklik130.jpg","datePublished":"2025-01-20T22:26:31+00:00","dateModified":"2025-03-02T07:35:06+00:00","description":"Kurakl\u0131k, uzun s\u00fcreli ya\u011f\u0131\u015f eksikli\u011fi nedeniyle toprakta su kaynaklar\u0131n\u0131n azalmas\u0131 ve suyun kullan\u0131m\u0131n\u0131 zorla\u015ft\u0131rmas\u0131 durumudur.","breadcrumb":{"@id":"https:\/\/karyem.com.tr\/index.php\/2025\/01\/20\/kuraklik\/#breadcrumb"},"inLanguage":"tr","potentialAction":[{"@type":"ReadAction","target":["https:\/\/karyem.com.tr\/index.php\/2025\/01\/20\/kuraklik\/"]}]},{"@type":"ImageObject","inLanguage":"tr","@id":"https:\/\/karyem.com.tr\/index.php\/2025\/01\/20\/kuraklik\/#primaryimage","url":"https:\/\/karyem.com.tr\/wp-content\/uploads\/2025\/01\/kuraklik130.jpg","contentUrl":"https:\/\/karyem.com.tr\/wp-content\/uploads\/2025\/01\/kuraklik130.jpg","width":1920,"height":1080,"caption":"Kurakl\u0131k, uzun s\u00fcreli ya\u011f\u0131\u015f eksikli\u011fi nedeniyle toprakta su kaynaklar\u0131n\u0131n azalmas\u0131 ve suyun kullan\u0131m\u0131n\u0131 zorla\u015ft\u0131rmas\u0131 durumudur."},{"@type":"BreadcrumbList","@id":"https:\/\/karyem.com.tr\/index.php\/2025\/01\/20\/kuraklik\/#breadcrumb","itemListElement":[{"@type":"ListItem","position":1,"name":"Anasayfa","item":"https:\/\/karyem.com.tr\/"},{"@type":"ListItem","position":2,"name":"KURAKLIK"}]},{"@type":"WebSite","@id":"https:\/\/karyem.com.tr\/#website","url":"https:\/\/karyem.com.tr\/","name":"Karyem","description":"Karyem","publisher":{"@id":"https:\/\/karyem.com.tr\/#organization"},"potentialAction":[{"@type":"SearchAction","target":{"@type":"EntryPoint","urlTemplate":"https:\/\/karyem.com.tr\/?s={search_term_string}"},"query-input":{"@type":"PropertyValueSpecification","valueRequired":true,"valueName":"search_term_string"}}],"inLanguage":"tr"},{"@type":"Organization","@id":"https:\/\/karyem.com.tr\/#organization","name":"Karyem","url":"https:\/\/karyem.com.tr\/","logo":{"@type":"ImageObject","inLanguage":"tr","@id":"https:\/\/karyem.com.tr\/#\/schema\/logo\/image\/","url":"https:\/\/karyem.com.tr\/wp-content\/uploads\/2025\/02\/cropped-ust.jpg","contentUrl":"https:\/\/karyem.com.tr\/wp-content\/uploads\/2025\/02\/cropped-ust.jpg","width":531,"height":100,"caption":"Karyem"},"image":{"@id":"https:\/\/karyem.com.tr\/#\/schema\/logo\/image\/"}},{"@type":"Person","@id":"https:\/\/karyem.com.tr\/#\/schema\/person\/73282b59be4eeaa46c5002bbe131cb4a","name":"admin","image":{"@type":"ImageObject","inLanguage":"tr","@id":"https:\/\/karyem.com.tr\/#\/schema\/person\/image\/","url":"https:\/\/secure.gravatar.com\/avatar\/b71b2e3aaea688f9c70b2f8d9e60a099?s=96&d=blank&r=g","contentUrl":"https:\/\/secure.gravatar.com\/avatar\/b71b2e3aaea688f9c70b2f8d9e60a099?s=96&d=blank&r=g","caption":"admin"},"url":"https:\/\/karyem.com.tr\/index.php\/author\/cn181s\/"}]}},"jetpack_featured_media_url":"https:\/\/karyem.com.tr\/wp-content\/uploads\/2025\/01\/kuraklik130.jpg","jetpack_sharing_enabled":true,"_links":{"self":[{"href":"https:\/\/karyem.com.tr\/index.php\/wp-json\/wp\/v2\/posts\/710","targetHints":{"allow":["GET"]}}],"collection":[{"href":"https:\/\/karyem.com.tr\/index.php\/wp-json\/wp\/v2\/posts"}],"about":[{"href":"https:\/\/karyem.com.tr\/index.php\/wp-json\/wp\/v2\/types\/post"}],"author":[{"embeddable":true,"href":"https:\/\/karyem.com.tr\/index.php\/wp-json\/wp\/v2\/users\/2"}],"replies":[{"embeddable":true,"href":"https:\/\/karyem.com.tr\/index.php\/wp-json\/wp\/v2\/comments?post=710"}],"version-history":[{"count":3,"href":"https:\/\/karyem.com.tr\/index.php\/wp-json\/wp\/v2\/posts\/710\/revisions"}],"predecessor-version":[{"id":1589,"href":"https:\/\/karyem.com.tr\/index.php\/wp-json\/wp\/v2\/posts\/710\/revisions\/1589"}],"wp:featuredmedia":[{"embeddable":true,"href":"https:\/\/karyem.com.tr\/index.php\/wp-json\/wp\/v2\/media\/1587"}],"wp:attachment":[{"href":"https:\/\/karyem.com.tr\/index.php\/wp-json\/wp\/v2\/media?parent=710"}],"wp:term":[{"taxonomy":"category","embeddable":true,"href":"https:\/\/karyem.com.tr\/index.php\/wp-json\/wp\/v2\/categories?post=710"},{"taxonomy":"post_tag","embeddable":true,"href":"https:\/\/karyem.com.tr\/index.php\/wp-json\/wp\/v2\/tags?post=710"}],"curies":[{"name":"wp","href":"https:\/\/api.w.org\/{rel}","templated":true}]}}